{"id":5666,"date":"2021-06-02T12:31:20","date_gmt":"2021-06-02T11:31:20","guid":{"rendered":"http:\/\/tvbelas.com\/tvbelas\/?p=5666"},"modified":"2021-06-02T12:31:20","modified_gmt":"2021-06-02T11:31:20","slug":"sequestrador-alicia-crianca-de-sete-anos-com-pao-na-provincia-do-moxico","status":"publish","type":"post","link":"https:\/\/tvbelas.com\/tvbelas\/noticias\/sociedade\/sequestrador-alicia-crianca-de-sete-anos-com-pao-na-provincia-do-moxico\/","title":{"rendered":"SEQUESTRADOR ALICIA, CRIAN\u00c7A DE SETE ANOS, COM P\u00c3O NA PROV\u00cdNCIA DO MOXICO."},"content":{"rendered":"<p>Segundo um comunicado da Pol\u00edcia Nacional a que a TV BELAS teve acesso hoje, quarta-feira, o crime ocorreu quando o menor se encontrava afastado dos seus amigos e parentes, altura em que apareceu um indiv\u00edduo que o aliciou com p\u00e3o, sensibilizou-o e depois tentou rapta-lo.<\/p>\n<p>O suposto raptor, de 37 anos, ao levar a crian\u00e7a em direc\u00e7\u00e3o \u00e0 vila sede de Camanongue foi interpelado por v\u00e1rios cidad\u00e3os que o levaram as autoridades policiais e o detiveram para ser presente no Minist\u00e9rio P\u00fablico.<\/p>\n<p>No Moxico, este ano \u00e9 o primeiro caso registado.<\/p>\n","protected":false},"excerpt":{"rendered":"<p>Segundo um comunicado da Pol\u00edcia Nacional a que a TV BELAS teve acesso hoje, quarta-feira, o crime ocorreu quando o menor se encontrava afastado dos seus amigos e parentes, altura em que apareceu um indiv\u00edduo que o aliciou com p\u00e3o, sensibilizou-o e depois tentou rapta-lo. O suposto raptor, de 37 anos, ao levar a crian\u00e7a [&hellip;]<\/p>\n","protected":false},"author":1,"featured_media":5668,"comment_status":"open","ping_status":"open","sticky":false,"template":"","format":"standard","meta":{"footnotes":""},"categories":[15],"tags":[],"class_list":{"0":"post-5666","1":"post","2":"type-post","3":"status-publish","4":"format-standard","5":"has-post-thumbnail","7":"category-sociedade"},"amp_enabled":true,"_links":{"self":[{"href":"https:\/\/tvbelas.com\/tvbelas\/wp-json\/wp\/v2\/posts\/5666","targetHints":{"allow":["GET"]}}],"collection":[{"href":"https:\/\/tvbelas.com\/tvbelas\/wp-json\/wp\/v2\/posts"}],"about":[{"href":"https:\/\/tvbelas.com\/tvbelas\/wp-json\/wp\/v2\/types\/post"}],"author":[{"embeddable":true,"href":"https:\/\/tvbelas.com\/tvbelas\/wp-json\/wp\/v2\/users\/1"}],"replies":[{"embeddable":true,"href":"https:\/\/tvbelas.com\/tvbelas\/wp-json\/wp\/v2\/comments?post=5666"}],"version-history":[{"count":0,"href":"https:\/\/tvbelas.com\/tvbelas\/wp-json\/wp\/v2\/posts\/5666\/revisions"}],"wp:featuredmedia":[{"embeddable":true,"href":"https:\/\/tvbelas.com\/tvbelas\/wp-json\/"}],"wp:attachment":[{"href":"https:\/\/tvbelas.com\/tvbelas\/wp-json\/wp\/v2\/media?parent=5666"}],"wp:term":[{"taxonomy":"category","embeddable":true,"href":"https:\/\/tvbelas.com\/tvbelas\/wp-json\/wp\/v2\/categories?post=5666"},{"taxonomy":"post_tag","embeddable":true,"href":"https:\/\/tvbelas.com\/tvbelas\/wp-json\/wp\/v2\/tags?post=5666"}],"curies":[{"name":"wp","href":"https:\/\/api.w.org\/{rel}","templated":true}]}}