{"id":5764,"date":"2021-06-04T22:22:44","date_gmt":"2021-06-04T21:22:44","guid":{"rendered":"http:\/\/tvbelas.com\/tvbelas\/?p=5764"},"modified":"2021-06-04T22:22:44","modified_gmt":"2021-06-04T21:22:44","slug":"silvia-lutucuta-reitera-apelo-para-vacinacao","status":"publish","type":"post","link":"https:\/\/tvbelas.com\/tvbelas\/noticias\/saude\/silvia-lutucuta-reitera-apelo-para-vacinacao\/","title":{"rendered":"S\u00cdLVIA LUTUCUTA, REITERA APELO PARA VACINA\u00c7\u00c3O."},"content":{"rendered":"<p>Segundo a ministra, que falava em confer\u00eancia de imprensa, a vacina contra a Covid-19 \u00e9 o meio mais eficaz e seguro para a preven\u00e7\u00e3o contra a pandemia que diariamente provoca in\u00fameras perdas humanas no mundo.<\/p>\n<p>S\u00edlvia Lutucuta informou que os vacinados com a Astrazeneca t\u00eam at\u00e9 ao dia 10 deste m\u00eas para a toma da segunda dose, findo o qual correm o risco de ficar apenas com uma dose.<\/p>\n<p>A ministra, que reiterou a efic\u00e1cia, seguran\u00e7a e a import\u00e2ncia da vacina\u00e7\u00e3o, adiantou que s\u00f3 com as duas doses os cidad\u00e3os poder\u00e3o ver refor\u00e7ado o sistema imunol\u00f3gico contra a Covid-19.<\/p>\n<p>O pa\u00eds conta com vacinas da Sputnik V, Astrazeneca, \u00a0Sinopharma e da \u00a0Pfizer.<\/p>\n<p>At\u00e9 \u00e0s 19 horas desta sexta-feira, autoridades angolanas anunciaram a vacina\u00e7\u00e3o de um milh\u00e3o 98 mil 919 pessoas desde o in\u00edcio do processo em Mar\u00e7o do ano em curso.<\/p>\n<p>Destes,<strong>\u00a0<\/strong>734.587 receberam a primeira dose e 364.332 a segunda dose.<\/p>\n<p>O plano de vacina\u00e7\u00e3o em curso prev\u00ea imunizar cerca de 15.7 milh\u00f5es de angolanos maiores de 16 anos, e reduzir a mortalidade e o n\u00famero de casos de Covid-19, bem como permitir a retoma do normal funcionamento das actividades econ\u00f3micas e sociais.<\/p>\n<p>A primeira fase abrangeu os profissionais de sa\u00fade, for\u00e7as de defesa e seguran\u00e7a, idosos, portadores de comorbilidades e professores.<\/p>\n<p>No pa\u00eds, os dois primeiros casos positivos de Covid-19 foram anunciados a 21 de Mar\u00e7o de 2020.<\/p>\n","protected":false},"excerpt":{"rendered":"<p>Segundo a ministra, que falava em confer\u00eancia de imprensa, a vacina contra a Covid-19 \u00e9 o meio mais eficaz e seguro para a preven\u00e7\u00e3o contra a pandemia que diariamente provoca in\u00fameras perdas humanas no mundo. S\u00edlvia Lutucuta informou que os vacinados com a Astrazeneca t\u00eam at\u00e9 ao dia 10 deste m\u00eas para a toma da [&hellip;]<\/p>\n","protected":false},"author":1,"featured_media":5766,"comment_status":"open","ping_status":"open","sticky":false,"template":"","format":"standard","meta":{"footnotes":""},"categories":[14],"tags":[],"class_list":{"0":"post-5764","1":"post","2":"type-post","3":"status-publish","4":"format-standard","5":"has-post-thumbnail","7":"category-saude"},"amp_enabled":true,"_links":{"self":[{"href":"https:\/\/tvbelas.com\/tvbelas\/wp-json\/wp\/v2\/posts\/5764","targetHints":{"allow":["GET"]}}],"collection":[{"href":"https:\/\/tvbelas.com\/tvbelas\/wp-json\/wp\/v2\/posts"}],"about":[{"href":"https:\/\/tvbelas.com\/tvbelas\/wp-json\/wp\/v2\/types\/post"}],"author":[{"embeddable":true,"href":"https:\/\/tvbelas.com\/tvbelas\/wp-json\/wp\/v2\/users\/1"}],"replies":[{"embeddable":true,"href":"https:\/\/tvbelas.com\/tvbelas\/wp-json\/wp\/v2\/comments?post=5764"}],"version-history":[{"count":0,"href":"https:\/\/tvbelas.com\/tvbelas\/wp-json\/wp\/v2\/posts\/5764\/revisions"}],"wp:featuredmedia":[{"embeddable":true,"href":"https:\/\/tvbelas.com\/tvbelas\/wp-json\/"}],"wp:attachment":[{"href":"https:\/\/tvbelas.com\/tvbelas\/wp-json\/wp\/v2\/media?parent=5764"}],"wp:term":[{"taxonomy":"category","embeddable":true,"href":"https:\/\/tvbelas.com\/tvbelas\/wp-json\/wp\/v2\/categories?post=5764"},{"taxonomy":"post_tag","embeddable":true,"href":"https:\/\/tvbelas.com\/tvbelas\/wp-json\/wp\/v2\/tags?post=5764"}],"curies":[{"name":"wp","href":"https:\/\/api.w.org\/{rel}","templated":true}]}}