{"id":5768,"date":"2021-06-04T22:42:19","date_gmt":"2021-06-04T21:42:19","guid":{"rendered":"http:\/\/tvbelas.com\/tvbelas\/?p=5768"},"modified":"2021-06-04T22:42:19","modified_gmt":"2021-06-04T21:42:19","slug":"nelito-ekuikui-recebido-com-euforia-ca%cc%82nticos-aplausos-e-assobios-no-icolo-e-bengo","status":"publish","type":"post","link":"https:\/\/tvbelas.com\/tvbelas\/noticias\/politica-angola\/nelito-ekuikui-recebido-com-euforia-ca%cc%82nticos-aplausos-e-assobios-no-icolo-e-bengo\/","title":{"rendered":"NELITO EKUIKUI, RECEBIDO  COM EUF\u00d3RIA, CA\u0302NTICOS, APLAUSOS E ASSOBIOS NO ICOLO E BENGO."},"content":{"rendered":"<p>Multida\u0303o euf\u00f3rica, com ca\u0302nticos, aplausos e assobios foi assim que delega\u00e7\u00e3o do maior partido da oposi\u00e7\u00e3o chefiada pelo seu secret\u00e1rio provincial, Nelito Ekuikui foi recebida hoje, 4 de maio no munici\u0301pio do Icolo e Bengo na paragem do km44.<\/p>\n<p>A delega\u00e7\u00e3o e a vasta multid\u00e3o, marcharam alguns quilo\u0301metros ate\u0301 ao local da inaugura\u00e7\u00e3o de mais um comit\u00ea de base.<\/p>\n<p>Ao longo da caminhada, o povo contagiado com a presenc\u0327a, endossaram a caravana. Foi gratificante ver os trabalhadores, as mama\u0303s, os jovens deixando os seus afazeres em suas casas, ruas, uns acenavam manifestando o apoio incondicional, a aceitac\u0327a\u0303o que a Unita tem em todos os cantos do pai\u0301s, por ser aquela que o povo entende e reconhece como o partido verdadeiro e que representante os interesses de todos os angolanos.<\/p>\n","protected":false},"excerpt":{"rendered":"<p>Multida\u0303o euf\u00f3rica, com ca\u0302nticos, aplausos e assobios foi assim que delega\u00e7\u00e3o do maior partido da oposi\u00e7\u00e3o chefiada pelo seu secret\u00e1rio provincial, Nelito Ekuikui foi recebida hoje, 4 de maio no munici\u0301pio do Icolo e Bengo na paragem do km44. A delega\u00e7\u00e3o e a vasta multid\u00e3o, marcharam alguns quilo\u0301metros ate\u0301 ao local da inaugura\u00e7\u00e3o de mais [&hellip;]<\/p>\n","protected":false},"author":1,"featured_media":5772,"comment_status":"open","ping_status":"open","sticky":false,"template":"","format":"gallery","meta":{"footnotes":""},"categories":[12],"tags":[],"class_list":{"0":"post-5768","1":"post","2":"type-post","3":"status-publish","4":"format-gallery","5":"has-post-thumbnail","7":"category-politica-angola","8":"post_format-post-format-gallery"},"amp_enabled":true,"_links":{"self":[{"href":"https:\/\/tvbelas.com\/tvbelas\/wp-json\/wp\/v2\/posts\/5768","targetHints":{"allow":["GET"]}}],"collection":[{"href":"https:\/\/tvbelas.com\/tvbelas\/wp-json\/wp\/v2\/posts"}],"about":[{"href":"https:\/\/tvbelas.com\/tvbelas\/wp-json\/wp\/v2\/types\/post"}],"author":[{"embeddable":true,"href":"https:\/\/tvbelas.com\/tvbelas\/wp-json\/wp\/v2\/users\/1"}],"replies":[{"embeddable":true,"href":"https:\/\/tvbelas.com\/tvbelas\/wp-json\/wp\/v2\/comments?post=5768"}],"version-history":[{"count":0,"href":"https:\/\/tvbelas.com\/tvbelas\/wp-json\/wp\/v2\/posts\/5768\/revisions"}],"wp:featuredmedia":[{"embeddable":true,"href":"https:\/\/tvbelas.com\/tvbelas\/wp-json\/"}],"wp:attachment":[{"href":"https:\/\/tvbelas.com\/tvbelas\/wp-json\/wp\/v2\/media?parent=5768"}],"wp:term":[{"taxonomy":"category","embeddable":true,"href":"https:\/\/tvbelas.com\/tvbelas\/wp-json\/wp\/v2\/categories?post=5768"},{"taxonomy":"post_tag","embeddable":true,"href":"https:\/\/tvbelas.com\/tvbelas\/wp-json\/wp\/v2\/tags?post=5768"}],"curies":[{"name":"wp","href":"https:\/\/api.w.org\/{rel}","templated":true}]}}