{"id":5818,"date":"2021-06-06T19:54:38","date_gmt":"2021-06-06T18:54:38","guid":{"rendered":"http:\/\/tvbelas.com\/tvbelas\/?p=5818"},"modified":"2021-06-06T19:54:38","modified_gmt":"2021-06-06T18:54:38","slug":"o-ex-chefe-dos-servicos-de-inteligencia-e-seguranca-militar-sism-general-apolinario-jose-pereira-morreu-na-manha-deste-domingo-em-luanda","status":"publish","type":"post","link":"https:\/\/tvbelas.com\/tvbelas\/noticias\/politica-angola\/o-ex-chefe-dos-servicos-de-inteligencia-e-seguranca-militar-sism-general-apolinario-jose-pereira-morreu-na-manha-deste-domingo-em-luanda\/","title":{"rendered":"O EX-CHEFE DOS SERVI\u00c7OS DE INTELIG\u00caNCIA E SEGURAN\u00c7A MILITAR (SISM), GENERAL APOLIN\u00c1RIO JOS\u00c9 PEREIRA, MORREU, NA MANH\u00c3 DESTE DOMINGO, EM LUANDA."},"content":{"rendered":"<p>De acordo com uma nota\u00a0assinada pelo ministro da Defesa Nacional e Veteranos da P\u00e1tria, o general Apolin\u00e1rio Pereira teve morte s\u00fabita.<\/p>\n<p>Na nota, o ministro Jo\u00e3o Ernesto dos Santos &#8220;Liberdade&#8221; refere que Apolin\u00e1rio Pereira foi um militar que desde muito cedo se disponibilizou a\u00a0luta pela conquista e preserva\u00e7\u00e3o da Independ\u00eancia Nacional.<\/p>\n<p>Salienta que as suas qualidades estiveram na base de sucessivas indica\u00e7\u00f5es\u00a0para cargos de topo nas For\u00e7as Armadas Angolanas (FAA), entre os quais o que desempenhava at\u00e9\u00a0\u00e0\u00a0sua morte.<\/p>\n<p>&#8220;Nesta hora de incontida dor e luto, em nome do Minist\u00e9rio da\u00a0Defesa Nacional e Veteranos da P\u00e1tria, das For\u00e7as Armadas Angolanas e no meu\u00a0pr\u00f3prio, curvo-me perante a mem\u00f3ria do malogrado e apresento \u00e0 fam\u00edlia enlutada\u00a0a express\u00e3o dos nossos sentidos p\u00easames, pelo infausto acontecimento&#8221;, exprimiu\u00a0o ministro.<\/p>\n<p>O general Apolin\u00e1rio Jos\u00e9 Pereira foi exonerado do cargo de chefe dos Servi\u00e7os de Intelig\u00eancia e Seguran\u00e7a Militar no passado dia 31 de Maio, por Decreto Presidencia<\/p>\n","protected":false},"excerpt":{"rendered":"<p>De acordo com uma nota\u00a0assinada pelo ministro da Defesa Nacional e Veteranos da P\u00e1tria, o general Apolin\u00e1rio Pereira teve morte s\u00fabita. Na nota, o ministro Jo\u00e3o Ernesto dos Santos &#8220;Liberdade&#8221; refere que Apolin\u00e1rio Pereira foi um militar que desde muito cedo se disponibilizou a\u00a0luta pela conquista e preserva\u00e7\u00e3o da Independ\u00eancia Nacional. Salienta que as suas [&hellip;]<\/p>\n","protected":false},"author":1,"featured_media":5820,"comment_status":"open","ping_status":"open","sticky":false,"template":"","format":"standard","meta":{"footnotes":""},"categories":[12],"tags":[],"class_list":{"0":"post-5818","1":"post","2":"type-post","3":"status-publish","4":"format-standard","5":"has-post-thumbnail","7":"category-politica-angola"},"amp_enabled":true,"_links":{"self":[{"href":"https:\/\/tvbelas.com\/tvbelas\/wp-json\/wp\/v2\/posts\/5818","targetHints":{"allow":["GET"]}}],"collection":[{"href":"https:\/\/tvbelas.com\/tvbelas\/wp-json\/wp\/v2\/posts"}],"about":[{"href":"https:\/\/tvbelas.com\/tvbelas\/wp-json\/wp\/v2\/types\/post"}],"author":[{"embeddable":true,"href":"https:\/\/tvbelas.com\/tvbelas\/wp-json\/wp\/v2\/users\/1"}],"replies":[{"embeddable":true,"href":"https:\/\/tvbelas.com\/tvbelas\/wp-json\/wp\/v2\/comments?post=5818"}],"version-history":[{"count":0,"href":"https:\/\/tvbelas.com\/tvbelas\/wp-json\/wp\/v2\/posts\/5818\/revisions"}],"wp:featuredmedia":[{"embeddable":true,"href":"https:\/\/tvbelas.com\/tvbelas\/wp-json\/"}],"wp:attachment":[{"href":"https:\/\/tvbelas.com\/tvbelas\/wp-json\/wp\/v2\/media?parent=5818"}],"wp:term":[{"taxonomy":"category","embeddable":true,"href":"https:\/\/tvbelas.com\/tvbelas\/wp-json\/wp\/v2\/categories?post=5818"},{"taxonomy":"post_tag","embeddable":true,"href":"https:\/\/tvbelas.com\/tvbelas\/wp-json\/wp\/v2\/tags?post=5818"}],"curies":[{"name":"wp","href":"https:\/\/api.w.org\/{rel}","templated":true}]}}