{"id":5836,"date":"2021-06-06T20:42:13","date_gmt":"2021-06-06T19:42:13","guid":{"rendered":"http:\/\/tvbelas.com\/tvbelas\/?p=5836"},"modified":"2021-06-06T20:42:13","modified_gmt":"2021-06-06T19:42:13","slug":"basquetebol-fab-com-mao-pesada-e-dispensa-da-seleccao-jogadores-do-petro-por-nao-se-terem-apresentado-na-data-prevista","status":"publish","type":"post","link":"https:\/\/tvbelas.com\/tvbelas\/noticias\/desporto\/basquetebol-fab-com-mao-pesada-e-dispensa-da-seleccao-jogadores-do-petro-por-nao-se-terem-apresentado-na-data-prevista\/","title":{"rendered":"BASQUETEBOL: FAB COM M\u00c3O PESADA E DISPENSA DA SELEC\u00c7\u00c3O JOGADORES DO PETRO POR N\u00c3O SE TEREM APRESENTADO NA DATA PREVISTA."},"content":{"rendered":"<p>Os atletas do Petro de Luanda Carlos Morais (extremo), Valdelicio Joaquim e Jone Pedro (postes) foram dispensados dos trabalhos da selec\u00e7\u00e3o nacional de basquetebol que prepara participa\u00e7\u00e3o no torneio pr\u00e9-ol\u00edmpico na Litu\u00e2nia, soube-se este domingo, em Luanda.<br \/>\nForam igualmente dispensados os seus colegas Gerson Domingos (base), Gerson Gon\u00e7alves (extremo-base) e Jos\u00e9 Ant\u00f3nio (extremo), segundo um comunicado da federa\u00e7\u00e3o datado de hoje, no qual refere-se que os atletas violaram o regulamento da institui\u00e7\u00e3o ao n\u00e3o se apresentarem, s\u00e1bado, ao grupo de trabalho, uma vez terminada a quarentena institucional que cumpriam devido a sua participa\u00e7\u00e3o na Liga africana de clubes (BAL), em Kigali (Rwanda).<br \/>\nEntre os petrol\u00edferos seleccionados para o pr\u00e9-ol\u00edmpico, estiveram tamb\u00e9m na BAL o base Childe Dund\u00e3o e o extremo-poste Leonel Paulo, cujos nomes n\u00e3o constam do documento da FAB, que n\u00e3o avan\u00e7a pormenores sobre a situa\u00e7\u00e3o destes.<br \/>\nO Petro representou o pa\u00eds, de 16 a 30 de Maio \u00faltimo, na principal competi\u00e7\u00e3o africana a n\u00edvel de clubes e ap\u00f3s o regresso os atletas foram submetidos \u00e0 quarentena institucional em cumprimento as medidas de preven\u00e7\u00e3o e controlo da Covid-19, tendo como data de apresenta\u00e7\u00e3o o dia 5 deste m\u00eas.<br \/>\n\u201cPor imperativo da participa\u00e7\u00e3o da equipa na BAL, os atletas e t\u00e9cnicos ligados a esta agremia\u00e7\u00e3o, depois de acertos com as autoridades sanit\u00e1rias e desportivas, observando um per\u00edodo de curta quarentena e depois de testados dentro do protocolo da FIBA, tinham como data de apresenta\u00e7\u00e3o o dia 5 de Junho\u201d, refere a nota.<br \/>\nEntretanto segundo a p\u00e1gina no facebook da MRA press, no seu ponto 1 diz que: Segundo pode apurar de fonte familiarizada com a situa\u00e7\u00e3o a aus\u00eancia dos atletas dispensados deve-se a um diferendo entre os jogadores e a Federa\u00e7\u00e3o relacionada com uma d\u00edvida contra\u00edda pela Direc\u00e7\u00e3o cessante.<br \/>\n2-Segundo a fonte do Jornal os atletas colocaram o problema(d\u00edvida)a Direc\u00e7\u00e3o da FAB aquando do apuramento para o Afrobasquete realizado em KIGALI.<br \/>\n3-Como \u00e9 do conhecimento p\u00fablico, a Federa\u00e7\u00e3o na altura do apuramento estava em fun\u00e7\u00f5es h\u00e1 menos de 90 dias e os atletas compreenderam a dificuldade da institui\u00e7\u00e3o FAB, ficando a promessa desta em liquidar a d\u00edvida logo estivessem criadas as condi\u00e7\u00f5es.<br \/>\n4-No per\u00edodo que intermedeia a primeira abordagem e a concentra\u00e7\u00e3o de deste s\u00e1bado, os jogadores aperceberam-se e n\u00f3s tamb\u00e9m que o t\u00e9cnico Wiliam Voight, viu a sua d\u00edvida paga, raz\u00e3o bastante para os jogadores exigirem o pagamento antes de iniciarem a campanha pr\u00e9-olimpica.<br \/>\n4-A d\u00edvida com os jogadores todos juntos, \u00e9 inferior 20 vezes menos que a d\u00edvida com o anterior treinador,isto levou a grande insatisfa\u00e7\u00e3o dos jogadores que decidiram impor um bra\u00e7o de ferro que infelizmente est\u00e1 a ser mal gerido.<br \/>\nTirando os Gersons,todos os outros jogadores,est\u00e3o acima dos 30 anos e mal sabem se est\u00e3o diante da \u00faltima chamada e com isso perderem a for\u00e7a suficiente para negociar. O Morais por exemplo tem 36 anos de idade e n\u00e3o est\u00e1 para brincar com o futuro.<br \/>\n5-Se pagaram o t\u00e9cnico, \u00e9 absolutamente justo que paguem os atletas!!!<br \/>\n6-Na minha \u00f3ptica entendo que deveriam esgotar todas as possibilidades de di\u00e1logo. Afinal negociar, \u00e9 aproximar partes.<br \/>\n7-Se fazer um comunicado ao Domingo, infere alguma precipita\u00e7\u00e3o.<br \/>\n8-N\u00e3o dar o benef\u00edcio da d\u00favida a um jogador com o Curriculum do Carlos Morais \u00e9 no m\u00ednimo arrogante,\u00e9 uma falta de respeito at\u00e9.<br \/>\nEnt\u00e3o faz-se o reconhecimento ao Mingas ao convocar-lhe fora de \u00e9poca e vilipendia-se assim o Morais sem que o jogador e seus colegas possam se defender!!!<br \/>\n9-Ao ser verdade esta postura da FAB estamos a abrir aqui um mau precedente.<br \/>\n10-Estou de acordo que o Pa\u00eds deve estar em primeiro lugar,mas o futuro dos atletas que est\u00e3o expostos a uma das carreiras profissionais mais curtas do universo laboral e que infelizmente s\u00e3o atirados para a caridade p\u00fablica no p\u00f4s carreira n\u00e3o deve ser descurado.<br \/>\nAt\u00e9 aqui retomamos uma publica\u00e7\u00e3o da ag\u00eancia MRA Press.<br \/>\nA selec\u00e7\u00e3o trabalha desde o dia 1 deste m\u00eas, no pavilh\u00e3o do Dream Space, em Viana, e tem viagem marcada para quarta-feira (dia 9) a Espanha, onde far\u00e1 um est\u00e1gio pr\u00e9-competitivo de cerca de 15 dias, devendo efectuar jogos de controlo com as forma\u00e7\u00f5es de Catalunia e Badalona.<br \/>\nO torneio de apuramento aos Jogos Ol\u00edmpicos acontece de 29 de Junho a 4 de Julho, na cidade lituana de Caunas. Angola defrontar\u00e1 as cong\u00e9neres da Pol\u00f3nia e Eslov\u00e9nia.<br \/>\nNa primeira triagem forma afastados Jacques da Concei\u00e7\u00e3o, Wilson Ambr\u00f3sio, Juscelino Ricardo, Fidel Cabita e Melvyn da Silva.<br \/>\n\u00c0 disposi\u00e7\u00e3o do t\u00e9cnico Josep Clar\u00f3s est\u00e3o Gildo Santos, Pedro Bastos, Selton Miguel, Edson Ndoniema, Malik Ciss\u00e9, Rifen Miguel, Alexandre Jungo, Jonat\u00e3o Jungo, Glofate Buimba, Aboubakar Gakou, Jilson Bango e Eduardo Mingas.<br \/>\nYanick Moreira e Bruno Fernando devem integrar a equipa na cidade de Barcelona (Espanha)<\/p>\n<p>&nbsp;<\/p>\n<p><img loading=\"lazy\" decoding=\"async\" class=\"alignnone size-medium wp-image-5838\" src=\"http:\/\/tvbelas.com\/tvbelas\/wp-content\/uploads\/2021\/06\/27809966-8c80-4fc6-9ca5-9c3b371075e2-212x300.jpg\" alt=\"\" width=\"212\" height=\"300\" \/><\/p>\n","protected":false},"excerpt":{"rendered":"<p>Os atletas do Petro de Luanda Carlos Morais (extremo), Valdelicio Joaquim e Jone Pedro (postes) foram dispensados dos trabalhos da selec\u00e7\u00e3o nacional de basquetebol que prepara participa\u00e7\u00e3o no torneio pr\u00e9-ol\u00edmpico na Litu\u00e2nia, soube-se este domingo, em Luanda. Foram igualmente dispensados os seus colegas Gerson Domingos (base), Gerson Gon\u00e7alves (extremo-base) e Jos\u00e9 Ant\u00f3nio (extremo), segundo um [&hellip;]<\/p>\n","protected":false},"author":1,"featured_media":5839,"comment_status":"open","ping_status":"open","sticky":false,"template":"","format":"gallery","meta":{"footnotes":""},"categories":[19],"tags":[],"class_list":{"0":"post-5836","1":"post","2":"type-post","3":"status-publish","4":"format-gallery","5":"has-post-thumbnail","7":"category-desporto","8":"post_format-post-format-gallery"},"amp_enabled":true,"_links":{"self":[{"href":"https:\/\/tvbelas.com\/tvbelas\/wp-json\/wp\/v2\/posts\/5836","targetHints":{"allow":["GET"]}}],"collection":[{"href":"https:\/\/tvbelas.com\/tvbelas\/wp-json\/wp\/v2\/posts"}],"about":[{"href":"https:\/\/tvbelas.com\/tvbelas\/wp-json\/wp\/v2\/types\/post"}],"author":[{"embeddable":true,"href":"https:\/\/tvbelas.com\/tvbelas\/wp-json\/wp\/v2\/users\/1"}],"replies":[{"embeddable":true,"href":"https:\/\/tvbelas.com\/tvbelas\/wp-json\/wp\/v2\/comments?post=5836"}],"version-history":[{"count":0,"href":"https:\/\/tvbelas.com\/tvbelas\/wp-json\/wp\/v2\/posts\/5836\/revisions"}],"wp:featuredmedia":[{"embeddable":true,"href":"https:\/\/tvbelas.com\/tvbelas\/wp-json\/"}],"wp:attachment":[{"href":"https:\/\/tvbelas.com\/tvbelas\/wp-json\/wp\/v2\/media?parent=5836"}],"wp:term":[{"taxonomy":"category","embeddable":true,"href":"https:\/\/tvbelas.com\/tvbelas\/wp-json\/wp\/v2\/categories?post=5836"},{"taxonomy":"post_tag","embeddable":true,"href":"https:\/\/tvbelas.com\/tvbelas\/wp-json\/wp\/v2\/tags?post=5836"}],"curies":[{"name":"wp","href":"https:\/\/api.w.org\/{rel}","templated":true}]}}