{"id":5906,"date":"2021-06-09T20:32:54","date_gmt":"2021-06-09T19:32:54","guid":{"rendered":"http:\/\/tvbelas.com\/tvbelas\/?p=5906"},"modified":"2021-06-09T20:32:54","modified_gmt":"2021-06-09T19:32:54","slug":"cacuaco-prepara-mega-passeata-para-receber-nelito-ekuikui-o-tira-sono","status":"publish","type":"post","link":"https:\/\/tvbelas.com\/tvbelas\/noticias\/politica-angola\/cacuaco-prepara-mega-passeata-para-receber-nelito-ekuikui-o-tira-sono\/","title":{"rendered":"CACUACO PREPARA MEGA PASSEATA PARA RECEBER NELITO EKUIKUI, O \u201c TIRA SONO\u201d"},"content":{"rendered":"<p>O Munic\u00edpio de Cacuaco recebe neste s\u00e1bado, o secret\u00e1rio Provincial da UNITA em Luanda, Nelito Ekuikui para um trabalho de campo.<\/p>\n<p>O Secret\u00e1rio Provincial e Deputado a Assembleia Nacional, Nelito Ekuikui realizar\u00e1 neste s\u00e1bado, 12 de Junho, uma passeata no Munic\u00edpio de Cacuaco.<\/p>\n<p>Simpatizante, \u00a0amigos e militantes consideram, que A II JAMBA est\u00e1 em protid\u00e3o\u00a0 e com o respeito as medidas de Biosseguran\u00e7a que vem no decreto de calamidade Publica, os residentes daquele munic\u00edpio est\u00e3o ansiosos, para a recep\u00e7\u00e3o calorosa do alto mandat\u00e1rio da UNITA em Luanda, Com\u00a0 objetivo de convidar todos os quadros, militantes, amigos e simpatizantes da UNITA e a sociedade no geral, a juntarem-se na grande caravana da mudan\u00e7a, e apoio total ao seu Presidente Adalberto Costa J\u00fanior.<\/p>\n","protected":false},"excerpt":{"rendered":"<p>O Munic\u00edpio de Cacuaco recebe neste s\u00e1bado, o secret\u00e1rio Provincial da UNITA em Luanda, Nelito Ekuikui para um trabalho de campo. O Secret\u00e1rio Provincial e Deputado a Assembleia Nacional, Nelito Ekuikui realizar\u00e1 neste s\u00e1bado, 12 de Junho, uma passeata no Munic\u00edpio de Cacuaco. Simpatizante, \u00a0amigos e militantes consideram, que A II JAMBA est\u00e1 em protid\u00e3o\u00a0 [&hellip;]<\/p>\n","protected":false},"author":1,"featured_media":5908,"comment_status":"open","ping_status":"open","sticky":false,"template":"","format":"standard","meta":{"footnotes":""},"categories":[12],"tags":[],"class_list":{"0":"post-5906","1":"post","2":"type-post","3":"status-publish","4":"format-standard","5":"has-post-thumbnail","7":"category-politica-angola"},"amp_enabled":true,"_links":{"self":[{"href":"https:\/\/tvbelas.com\/tvbelas\/wp-json\/wp\/v2\/posts\/5906","targetHints":{"allow":["GET"]}}],"collection":[{"href":"https:\/\/tvbelas.com\/tvbelas\/wp-json\/wp\/v2\/posts"}],"about":[{"href":"https:\/\/tvbelas.com\/tvbelas\/wp-json\/wp\/v2\/types\/post"}],"author":[{"embeddable":true,"href":"https:\/\/tvbelas.com\/tvbelas\/wp-json\/wp\/v2\/users\/1"}],"replies":[{"embeddable":true,"href":"https:\/\/tvbelas.com\/tvbelas\/wp-json\/wp\/v2\/comments?post=5906"}],"version-history":[{"count":0,"href":"https:\/\/tvbelas.com\/tvbelas\/wp-json\/wp\/v2\/posts\/5906\/revisions"}],"wp:featuredmedia":[{"embeddable":true,"href":"https:\/\/tvbelas.com\/tvbelas\/wp-json\/"}],"wp:attachment":[{"href":"https:\/\/tvbelas.com\/tvbelas\/wp-json\/wp\/v2\/media?parent=5906"}],"wp:term":[{"taxonomy":"category","embeddable":true,"href":"https:\/\/tvbelas.com\/tvbelas\/wp-json\/wp\/v2\/categories?post=5906"},{"taxonomy":"post_tag","embeddable":true,"href":"https:\/\/tvbelas.com\/tvbelas\/wp-json\/wp\/v2\/tags?post=5906"}],"curies":[{"name":"wp","href":"https:\/\/api.w.org\/{rel}","templated":true}]}}