{"id":5910,"date":"2021-06-09T20:50:55","date_gmt":"2021-06-09T19:50:55","guid":{"rendered":"http:\/\/tvbelas.com\/tvbelas\/?p=5910"},"modified":"2021-06-09T20:50:55","modified_gmt":"2021-06-09T19:50:55","slug":"bornito-de-sousa-valorizou-a-iniciativa-solidaria-apdpt","status":"publish","type":"post","link":"https:\/\/tvbelas.com\/tvbelas\/noticias\/politica-angola\/bornito-de-sousa-valorizou-a-iniciativa-solidaria-apdpt\/","title":{"rendered":"BORNITO DE SOUSA, VALORIZOU A INICIATIVA SOLID\u00c1RIA (APDPT)."},"content":{"rendered":"<p style=\"text-align: justify; line-height: 19.5pt; background: white; margin: 0cm 0cm 22.5pt 0cm;\"><span style=\"font-size: 11.5pt; font-family: 'Helvetica','sans-serif'; color: #545454; letter-spacing: .6pt;\">Bornito de Sousa, que falava na cerim\u00f3nia de empossamento dos membros de dire\u00e7\u00e3o da referida associa\u00e7\u00e3o, felicitou os mentores do projecto pela import\u00e2ncia que atribuem \u00e0 partilha, uni\u00e3o, ao trabalho em equipa, a cria\u00e7\u00e3o de sinergias e a intera\u00e7\u00e3o.<\/span><\/p>\n<p style=\"text-align: justify; line-height: 19.5pt; background: white; box-sizing: border-box; font-variant-ligatures: normal; font-variant-caps: normal; orphans: 2; widows: 2; -webkit-text-stroke-width: 0px; text-decoration-thickness: initial; text-decoration-style: initial; text-decoration-color: initial; word-spacing: 0px; margin: 0cm 0cm 22.5pt 0cm;\"><span style=\"font-size: 11.5pt; font-family: 'Helvetica','sans-serif'; color: #545454; letter-spacing: .6pt;\">Para o vice-presidente, ao propor-se\u00a0estimular a forma\u00e7\u00e3o, informa\u00e7\u00e3o e apoio t\u00e9cnico aos petizes e jovens em idade escolar, com ideias inovadoras e com potencial para fazer a diferen\u00e7a no mundo empresarial, posiciona-se como uma pe\u00e7a importante na dinamiza\u00e7\u00e3o do chamado terceiro sector.\u00a0\u00a0\u00a0<\/span><\/p>\n<p style=\"text-align: justify; line-height: 19.5pt; background: white; box-sizing: border-box; font-variant-ligatures: normal; font-variant-caps: normal; orphans: 2; widows: 2; -webkit-text-stroke-width: 0px; text-decoration-thickness: initial; text-decoration-style: initial; text-decoration-color: initial; word-spacing: 0px; margin: 0cm 0cm 22.5pt 0cm;\"><span style=\"font-size: 11.5pt; font-family: 'Helvetica','sans-serif'; color: #545454; letter-spacing: .6pt;\">Adiantou que h\u00e1 muito que se faz sentir a necessidade de um terceiro sector mais atuante em Angola, referindo-se ao segmento onde atuam na base da solidariedade e do voluntariado das organiza\u00e7\u00f5es que n\u00e3o s\u00e3o o Estado (primeiro sector) e nem visam, essencialmente, o lucro (segundo sector).<\/span><\/p>\n<p style=\"text-align: justify; line-height: 19.5pt; background: white; margin: 0cm 0cm 22.5pt 0cm;\"><span style=\"font-size: 11.5pt; font-family: 'Helvetica','sans-serif'; color: #545454; letter-spacing: .6pt;\">Bornito de Sousa frisou a import\u00e2ncia de pa\u00edses como Angola come\u00e7arem o quanto antes a reformar os seus sistemas educativos, modernizando-os e universalizando-os para que as crian\u00e7as locais tenham a oportunidade de aceder a uma educa\u00e7\u00e3o de alta qualidade.<\/span><\/p>\n<p style=\"text-align: justify; line-height: 19.5pt; background: white; margin: 0cm 0cm 22.5pt 0cm;\"><span style=\"font-size: 11.5pt; font-family: 'Helvetica','sans-serif'; color: #545454; letter-spacing: .6pt;\">J\u00e1 o presidente da PDPT, Pedro Godinho, afirmou que se trata de um momento \u00edmpar, por criar sinergias entre diferentes for\u00e7as da sociedade, maximizando a utiliza\u00e7\u00e3o das compet\u00eancias das crian\u00e7as e dos jovens, assegurando que tenham acesso e conhe\u00e7am a tecnologia, os valores \u00e9ticos, morais e o sentido de na\u00e7\u00e3o para o desenvolvimento das fam\u00edlias, da sociedade e do pa\u00eds.\u00a0.<\/span><\/p>\n<p style=\"text-align: justify; line-height: 19.5pt; background: white; margin: 0cm 0cm 22.5pt 0cm;\"><span style=\"font-size: 11.5pt; font-family: 'Helvetica','sans-serif'; color: #545454; letter-spacing: .6pt;\">A Associa\u00e7\u00e3o Promo\u00e7\u00e3o, Desenvolvimento, Prosperidade e Tecnologia (APDPT) visa criar parcerias com institui\u00e7\u00f5es acad\u00e9micas, diplom\u00e1ticas, eclesi\u00e1sticas, funda\u00e7\u00f5es e empresas nacionais e internacionais dentro do seu programa de responsabilidade social corporativo para garantir suporte a forma\u00e7\u00e3o de crian\u00e7as e jovens talentosos a serem descobertos no pa\u00eds.\u00a0<\/span><\/p>\n<p style=\"text-align: justify; line-height: 19.5pt; background: white; box-sizing: border-box; font-variant-ligatures: normal; font-variant-caps: normal; orphans: 2; widows: 2; -webkit-text-stroke-width: 0px; text-decoration-thickness: initial; text-decoration-style: initial; text-decoration-color: initial; word-spacing: 0px; margin: 0cm 0cm 22.5pt 0cm;\"><span style=\"font-size: 11.5pt; font-family: 'Helvetica','sans-serif'; color: #545454; letter-spacing: .6pt;\">A inten\u00e7\u00e3o \u00e9 buscar fazer com que estes d\u00eaem uma melhor e maior contribui\u00e7\u00e3o para o desenvolvimento de Angola.<\/span><\/p>\n<p>&nbsp;<\/p>\n","protected":false},"excerpt":{"rendered":"<p>Bornito de Sousa, que falava na cerim\u00f3nia de empossamento dos membros de dire\u00e7\u00e3o da referida associa\u00e7\u00e3o, felicitou os mentores do projecto pela import\u00e2ncia que atribuem \u00e0 partilha, uni\u00e3o, ao trabalho em equipa, a cria\u00e7\u00e3o de sinergias e a intera\u00e7\u00e3o. Para o vice-presidente, ao propor-se\u00a0estimular a forma\u00e7\u00e3o, informa\u00e7\u00e3o e apoio t\u00e9cnico aos petizes e jovens em [&hellip;]<\/p>\n","protected":false},"author":1,"featured_media":5912,"comment_status":"open","ping_status":"open","sticky":false,"template":"","format":"standard","meta":{"footnotes":""},"categories":[12],"tags":[],"class_list":{"0":"post-5910","1":"post","2":"type-post","3":"status-publish","4":"format-standard","5":"has-post-thumbnail","7":"category-politica-angola"},"amp_enabled":true,"_links":{"self":[{"href":"https:\/\/tvbelas.com\/tvbelas\/wp-json\/wp\/v2\/posts\/5910","targetHints":{"allow":["GET"]}}],"collection":[{"href":"https:\/\/tvbelas.com\/tvbelas\/wp-json\/wp\/v2\/posts"}],"about":[{"href":"https:\/\/tvbelas.com\/tvbelas\/wp-json\/wp\/v2\/types\/post"}],"author":[{"embeddable":true,"href":"https:\/\/tvbelas.com\/tvbelas\/wp-json\/wp\/v2\/users\/1"}],"replies":[{"embeddable":true,"href":"https:\/\/tvbelas.com\/tvbelas\/wp-json\/wp\/v2\/comments?post=5910"}],"version-history":[{"count":0,"href":"https:\/\/tvbelas.com\/tvbelas\/wp-json\/wp\/v2\/posts\/5910\/revisions"}],"wp:featuredmedia":[{"embeddable":true,"href":"https:\/\/tvbelas.com\/tvbelas\/wp-json\/"}],"wp:attachment":[{"href":"https:\/\/tvbelas.com\/tvbelas\/wp-json\/wp\/v2\/media?parent=5910"}],"wp:term":[{"taxonomy":"category","embeddable":true,"href":"https:\/\/tvbelas.com\/tvbelas\/wp-json\/wp\/v2\/categories?post=5910"},{"taxonomy":"post_tag","embeddable":true,"href":"https:\/\/tvbelas.com\/tvbelas\/wp-json\/wp\/v2\/tags?post=5910"}],"curies":[{"name":"wp","href":"https:\/\/api.w.org\/{rel}","templated":true}]}}