{"id":6005,"date":"2021-06-14T08:02:54","date_gmt":"2021-06-14T07:02:54","guid":{"rendered":"http:\/\/tvbelas.com\/tvbelas\/?p=6005"},"modified":"2021-06-14T08:02:54","modified_gmt":"2021-06-14T07:02:54","slug":"terceiro-dia-do-euro-o-mais-produtivo-em-golos-ate-ao-momento-enquanto-casos-de-covid-marcam-seleccoes","status":"publish","type":"post","link":"https:\/\/tvbelas.com\/tvbelas\/noticias\/desporto\/terceiro-dia-do-euro-o-mais-produtivo-em-golos-ate-ao-momento-enquanto-casos-de-covid-marcam-seleccoes\/","title":{"rendered":"TERCEIRO DIA DO EURO O MAIS PRODUTIVO EM GOLOS AT\u00c9 AO MOMENTO ENQUANTO CASOS DE COVID MARCAM SELEC\u00c7\u00d5ES."},"content":{"rendered":"<p>Na abertura do terceiro dia do Euro2020 a Inglaterra estreou-se este domingo com uma vit\u00f3ria no grupo D, ao bater a Cro\u00e1cia por 1-0, em jogo disputado no est\u00e1dio Wembley, em Londres.<br \/>\nUm golo de Raheem Sterling, aos 57 minutos, foi o suficiente para a equipa inglesa somar os primeiros tr\u00eas pontos na &#8216;poule&#8217;.<br \/>\nCom esta vit\u00f3ria, a Inglaterra est\u00e1 provisoriamente na lideran\u00e7a do grupo, com tr\u00eas pontos, e fica a aguardar pelo desfecho do encontro que vai encerrar a primeira jornada, o Esc\u00f3cia-Rep\u00fablica Checa, a disputar na segunda-feira, enquanto a Cro\u00e1cia \u00e9 para j\u00e1 \u00faltima, sem pontos<br \/>\nEntretanto o jornal &#8216;Telegraph&#8217; adianta que um adepto ingl\u00eas se encontra em estado grave, depois de ter ca\u00eddo de uma bancada de Wembley. De acordo com o relato, a situa\u00e7\u00e3o ter\u00e1 ocorrido pouco depois do in\u00edcio da partida, tendo o f\u00e3 em causa recebido aux\u00edlio m\u00e9dico no local antes de ser transportado para o hospital.<br \/>\nNo segundo jogo do dia, o primeiro desafio da hist\u00f3ria da Maced\u00f3nia do Norte numa fase final de um Europeu, a \u00c1ustria conseguiu a sua primeira vit\u00f3ria de sempre no torneio continental, ao triunfar em Bucareste por 3-1, partida do grupo C.<br \/>\nStefan Lainer (18 minutos), Michael Gregoritsch (78) e Marko Arnautovic (89) marcaram os golos dos austr\u00edacos, com o veterano Goran Pandev (28) a fazer o tento da Maced\u00f3nia do Norte, que se estreou em fases finais.<br \/>\nAinda para o Grupo C, Depois de sete anos afastada de uma grande competi\u00e7\u00e3o, j\u00e1 que ficou de fora da Eurocopa de 2016 e do Mundial de 2018, a Holanda voltou a brilhar. Neste domingo, 13, a sele\u00e7\u00e3o holandesa venceu a a Ucr\u00e2nia por 3 a 2, em jogo no Johan Cruyff Arena, em Amsterd\u00e3o.<br \/>\nA Sele\u00e7\u00e3o holandesa abriu 2 a 0 em quatro minutos, mas sofreu o empate dos ucranianos tambem em 4 minutos, mas a laranja mecanicacoltou a marcar nos minutos finais e conseguiu a vit\u00f3ria.<br \/>\nOs gols da forma\u00e7\u00e3o vencedora foram de Georginio Wijnaldum, Wout Weghorst e Denzel Dumfries, enquanto Andriy Yarmolenko e Roman Yaremchuk descontaram para os ucranianos<br \/>\nAconte\u00e7a o que acontecer nos 51 jogos do Euro 2020, o 16.\u00ba Campeonato da Europa de futebol ficar\u00e1 na hist\u00f3ria por ter sido o primeiro a ser disputado durante uma pandemia. Para al\u00e9m de ter for\u00e7ado o adiamento por um ano da prova, a covid-19 ter\u00e1 um papel relevante na competi\u00e7\u00e3o.<br \/>\nJo\u00e3o Cancelo, lateral direito da selec\u00e7\u00e3o portuguesa \u00e9 o terceiro atleta exclu\u00eddo da prova por ter testado positivo, mas h\u00e1 cinco ainda em isolamento que continuam em d\u00favida. Regulamento prev\u00ea derrota para quem n\u00e3o consiga apresentar 13 jogadores.<br \/>\nDesde que os seleccionadores das 24 selec\u00e7\u00f5es que v\u00e3o competir no Euro 2020 anunciaram os seus 26 convocados, seis j\u00e1 foram for\u00e7ados a alterar os seus planos devido \u00e0 covid-19.<br \/>\nPor outro lado, epois do incidente deste s\u00e1bado, Christian Eriksen j\u00e1 se encontra est\u00e1vel e a realizar exames m\u00e9dicos. Na manh\u00e3 deste domingo, o jogador j\u00e1 conseguiu falar por videochamada com os seus colegas: &#8220;Como est\u00e3o? Creio que est\u00e3o piores que eu. Eu sinto-me como se precisasse j\u00e1 de sair para ir treinar&#8221;, brincou o m\u00e9dio.<br \/>\nRecorde-se que a Federa\u00e7\u00e3o Dinamarquesa j\u00e1 emitiu um comunicado, onde revelou que o jogador se encontra est\u00e1vel e a realizar exames m\u00e9dicos.<br \/>\nLembramos que jogador, colapsou em campo no jogo de s\u00e1bado com a Finl\u00e2ndia que ficou suspenso devido ao incidente, mas foi realizado uma gora e meia depois com vit\u00f3ria dos Finlandeses por 1-0.<br \/>\nEsta segunda feira a bola volta a rolar com mais tr\u00eas jogos no quarto dia de prova, E\u00eds os desafios e hor\u00e1rios:<br \/>\nEm Hampden Park Glasgow, inicia as 14 horas o Esc\u00f3cia- Rep\u00fablica Checa desafio do Grupo D.<br \/>\n\u00c1s 17 horas arranca em Saint Petersburg Stadium S\u00e3o Petersburgo<br \/>\nPol\u00f3nia-Eslov\u00e1quia a contar para o Grupo E.<br \/>\nAs 20 horas tamb\u00e9m para o grupo E inicia em La Cartuja Stadium Sevilha o desafio Espanha-Su\u00e9cia.<\/p>\n","protected":false},"excerpt":{"rendered":"<p>Na abertura do terceiro dia do Euro2020 a Inglaterra estreou-se este domingo com uma vit\u00f3ria no grupo D, ao bater a Cro\u00e1cia por 1-0, em jogo disputado no est\u00e1dio Wembley, em Londres. Um golo de Raheem Sterling, aos 57 minutos, foi o suficiente para a equipa inglesa somar os primeiros tr\u00eas pontos na &#8216;poule&#8217;. Com [&hellip;]<\/p>\n","protected":false},"author":1,"featured_media":6014,"comment_status":"open","ping_status":"open","sticky":false,"template":"","format":"gallery","meta":{"footnotes":""},"categories":[19],"tags":[],"class_list":{"0":"post-6005","1":"post","2":"type-post","3":"status-publish","4":"format-gallery","5":"has-post-thumbnail","7":"category-desporto","8":"post_format-post-format-gallery"},"amp_enabled":true,"_links":{"self":[{"href":"https:\/\/tvbelas.com\/tvbelas\/wp-json\/wp\/v2\/posts\/6005","targetHints":{"allow":["GET"]}}],"collection":[{"href":"https:\/\/tvbelas.com\/tvbelas\/wp-json\/wp\/v2\/posts"}],"about":[{"href":"https:\/\/tvbelas.com\/tvbelas\/wp-json\/wp\/v2\/types\/post"}],"author":[{"embeddable":true,"href":"https:\/\/tvbelas.com\/tvbelas\/wp-json\/wp\/v2\/users\/1"}],"replies":[{"embeddable":true,"href":"https:\/\/tvbelas.com\/tvbelas\/wp-json\/wp\/v2\/comments?post=6005"}],"version-history":[{"count":0,"href":"https:\/\/tvbelas.com\/tvbelas\/wp-json\/wp\/v2\/posts\/6005\/revisions"}],"wp:featuredmedia":[{"embeddable":true,"href":"https:\/\/tvbelas.com\/tvbelas\/wp-json\/"}],"wp:attachment":[{"href":"https:\/\/tvbelas.com\/tvbelas\/wp-json\/wp\/v2\/media?parent=6005"}],"wp:term":[{"taxonomy":"category","embeddable":true,"href":"https:\/\/tvbelas.com\/tvbelas\/wp-json\/wp\/v2\/categories?post=6005"},{"taxonomy":"post_tag","embeddable":true,"href":"https:\/\/tvbelas.com\/tvbelas\/wp-json\/wp\/v2\/tags?post=6005"}],"curies":[{"name":"wp","href":"https:\/\/api.w.org\/{rel}","templated":true}]}}