{"id":6020,"date":"2021-06-14T10:52:06","date_gmt":"2021-06-14T09:52:06","guid":{"rendered":"http:\/\/tvbelas.com\/tvbelas\/?p=6020"},"modified":"2021-06-14T10:52:06","modified_gmt":"2021-06-14T09:52:06","slug":"manue-fernandes-diz-que-o-projecto-politico-denominado-frente-ampla-nao-se-vai-concretizar","status":"publish","type":"post","link":"https:\/\/tvbelas.com\/tvbelas\/noticias\/politica-angola\/manue-fernandes-diz-que-o-projecto-politico-denominado-frente-ampla-nao-se-vai-concretizar\/","title":{"rendered":"MANUE FERNANDES  DIZ QUE, O PROJECTO POL\u00cdTICO, DENOMINADO FRENTE AMPLA, N\u00c3O SE VAI CONCRETIZAR."},"content":{"rendered":"<p>Manuel Fernandes, que falava no programa &#8220;Especial Informa\u00e7\u00e3o&#8221; da TV Zimbo, referiu que est\u00e1 a ser criado um falso elemento que n\u00e3o se vai concretizar, tendo em conta que o mesmo n\u00e3o cria uma nova coliga\u00e7\u00e3o, mas sim a integra\u00e7\u00e3o das for\u00e7as pol\u00edticas na lista da UNITA, com quotas para a sua acomoda\u00e7\u00e3o.<\/p>\n<p>\u201cN\u00e3o \u00e9 uma Frente Ampla nenhuma, mas sim uma integra\u00e7\u00e3o de v\u00e1rios actores na lista da UNITA, da\u00ed que a CASA-CE n\u00e3o pode fazer parte deste exerc\u00edcio, por ter ambi\u00e7\u00e3o de concorrer \u00e0s pr\u00f3ximas elei\u00e7\u00f5es\u201d, argumentou.<\/p>\n<p>Acrescentou ainda que \u201ca CASA-CE \u00e9 uma coliga\u00e7\u00e3o e n\u00e3o pode ser contactada para integrar outra coliga\u00e7\u00e3o ou seja ela \u00e9 que tem espa\u00e7o de abertura para que outras for\u00e7as possam entrar\u201d, disse.<\/p>\n<p>Neste sentido, Manuel Fernandes questionou se as outras for\u00e7as politicas, com incid\u00eancia para UNITA, est\u00e3o dispostas a ir \u00e0s elei\u00e7\u00f5es sem a sua bandeira e os seus simbolos.<\/p>\n<p>Por outro lado, o pol\u00edtico acrescentou que se houvesse interesse de que a CASA-CE integrasse a mesma n\u00e3o teriam contactado o Bloco Democr\u00e1tico (BD), mas antes a lideran\u00e7a da mesma para ver a viabilidade do\u00a0 processo, o que n\u00e3o ocorreu.<\/p>\n<p>Ainda assim, referiu que se podem estabelecer converg\u00eancias pararelas com outras for\u00e7as pol\u00edticas, visando o controlo do voto, bem como estabelecer mecanismos de luta para a constru\u00e7\u00e3o do processo demcr\u00e1tico.<\/p>\n<p>No cap\u00edtulo interno, Manuel Fernandes, que subsbtituiu Andr\u00e9 Mandes de Carvalho na presid\u00eancia da CASA-CE, adiantou que a mesma hoje est\u00e1 mais din\u00e2mica e pr\u00f3xima dos cidad\u00e3os.<\/p>\n<p>No seu entender, este \u00e9 um momento para perceber a situa\u00e7\u00e3o real dos angolanos e, por este motivo, t\u00eam realizado digress\u00f5es pelo pa\u00eds.<\/p>\n<p>Defendeu ainda a necessidade de se idealizar politicas, que possam conduzir os cidad\u00e3os para uma nova realidade e um novo contexto do pa\u00eds.<\/p>\n<p>Ainda em rela\u00e7\u00e3o a reorganiza\u00e7\u00e3o da mesma, argumentou que actualmente cinco, dos seis partidos que comp\u00f5em a coliga\u00e7\u00e3o, j\u00e1 se definiram em trabalhar para a sua consolida\u00e7\u00e3o, faltando apenas o BD que ainda est\u00e1 em processo.<\/p>\n<p>Para si, apesar dos v\u00e1rios problemas na mudan\u00e7a de lideran\u00e7a, dissid\u00eancia no Grupo Parlamentar, entre outros, a coliga\u00e7\u00e3o continua forte e unida, porque anteriormente era \u201cum manto de retalhos, com v\u00e1rios poderes\u201d.<\/p>\n<p>Ao longo da sua entrevista, falou igualmente do momento actual do pa\u00eds, que, na sua opini\u00e3o, exige grandes mudan\u00e7as.<\/p>\n","protected":false},"excerpt":{"rendered":"<p>Manuel Fernandes, que falava no programa &#8220;Especial Informa\u00e7\u00e3o&#8221; da TV Zimbo, referiu que est\u00e1 a ser criado um falso elemento que n\u00e3o se vai concretizar, tendo em conta que o mesmo n\u00e3o cria uma nova coliga\u00e7\u00e3o, mas sim a integra\u00e7\u00e3o das for\u00e7as pol\u00edticas na lista da UNITA, com quotas para a sua acomoda\u00e7\u00e3o. \u201cN\u00e3o \u00e9 [&hellip;]<\/p>\n","protected":false},"author":1,"featured_media":6022,"comment_status":"open","ping_status":"open","sticky":false,"template":"","format":"standard","meta":{"footnotes":""},"categories":[12],"tags":[],"class_list":{"0":"post-6020","1":"post","2":"type-post","3":"status-publish","4":"format-standard","5":"has-post-thumbnail","7":"category-politica-angola"},"amp_enabled":true,"_links":{"self":[{"href":"https:\/\/tvbelas.com\/tvbelas\/wp-json\/wp\/v2\/posts\/6020","targetHints":{"allow":["GET"]}}],"collection":[{"href":"https:\/\/tvbelas.com\/tvbelas\/wp-json\/wp\/v2\/posts"}],"about":[{"href":"https:\/\/tvbelas.com\/tvbelas\/wp-json\/wp\/v2\/types\/post"}],"author":[{"embeddable":true,"href":"https:\/\/tvbelas.com\/tvbelas\/wp-json\/wp\/v2\/users\/1"}],"replies":[{"embeddable":true,"href":"https:\/\/tvbelas.com\/tvbelas\/wp-json\/wp\/v2\/comments?post=6020"}],"version-history":[{"count":0,"href":"https:\/\/tvbelas.com\/tvbelas\/wp-json\/wp\/v2\/posts\/6020\/revisions"}],"wp:featuredmedia":[{"embeddable":true,"href":"https:\/\/tvbelas.com\/tvbelas\/wp-json\/"}],"wp:attachment":[{"href":"https:\/\/tvbelas.com\/tvbelas\/wp-json\/wp\/v2\/media?parent=6020"}],"wp:term":[{"taxonomy":"category","embeddable":true,"href":"https:\/\/tvbelas.com\/tvbelas\/wp-json\/wp\/v2\/categories?post=6020"},{"taxonomy":"post_tag","embeddable":true,"href":"https:\/\/tvbelas.com\/tvbelas\/wp-json\/wp\/v2\/tags?post=6020"}],"curies":[{"name":"wp","href":"https:\/\/api.w.org\/{rel}","templated":true}]}}