{"id":6028,"date":"2021-06-14T11:09:13","date_gmt":"2021-06-14T10:09:13","guid":{"rendered":"http:\/\/tvbelas.com\/tvbelas\/?p=6028"},"modified":"2021-06-14T11:09:13","modified_gmt":"2021-06-14T10:09:13","slug":"africa-soma-134-818-mortes-desde-inicio-da-pandemia","status":"publish","type":"post","link":"https:\/\/tvbelas.com\/tvbelas\/noticias\/saude\/africa-soma-134-818-mortes-desde-inicio-da-pandemia\/","title":{"rendered":"\u00c1FRICA SOMA 134.818 MORTES DESDE IN\u00cdCIO DA PANDEMIA"},"content":{"rendered":"<p>\u00c1frica atingiu hoje um total acumulado de 134.818 mortes associadas \u00e0 covid-19 e 5.049.036 infectados desde o in\u00edcio da pandemia, de acordo com o Centro de Controlo e Preven\u00e7\u00e3o de Doen\u00e7as da Uni\u00e3o Africana (\u00c1frica CDC).<\/p>\n<p>Segundo a entidade africana que re\u00fane os dados oficiais de 55 pa\u00edses e territ\u00f3rios do continente, o total de pessoas recuperadas da infec\u00e7\u00e3o no per\u00edodo em an\u00e1lise \u00e9 de 4.524.651.<\/p>\n<p>A \u00c1frica Austral continua a ser a regi\u00e3o mais afectada, com 2.198.217 casos e 66.504 \u00f3bitos associados \u00e0 covid-19. Nesta regi\u00e3o encontra-se o pa\u00eds mais atingido pela pandemia no continente, a \u00c1frica do Sul, que contabiliza 1.747.082 casos e 57.765 mortes.<\/p>\n<p>O \u00c1frica CDC indica ainda que a segunda regi\u00e3o africana mais afectada, o Norte de \u00c1frica, regista hoje 1.509.242 infectados com o v\u00edrus SARS-CoV-2 e 45.733 mortes associadas \u00e0 doen\u00e7a covid-19.<\/p>\n<p>Acrescenta que a \u00c1frica Oriental soma 679.502 infec\u00e7\u00f5es e 13.342 mortos, e a regi\u00e3o da \u00c1frica Ocidental regista 477.950 casos de infec\u00e7\u00e3o e 6.342 mortes. A \u00c1frica Central \u00e9 a regi\u00e3o africana com menos casos de infec\u00e7\u00e3o e de mortes, 184.125 e 2.897 respectivamente.<\/p>\n<p>O Egipto, que \u00e9 o segundo pa\u00eds africano com mais v\u00edtimas mortais a seguir \u00e0 \u00c1frica do Sul, regista 15.623 mortes e 273.182 infectados, seguindo-se a Tun\u00edsia, com 13.515 \u00f3bitos e 368.908 casos, e Marrocos, que contabiliza o segundo maior n\u00famero de infec\u00e7\u00f5es em todo o continente, 523.890 casos, mas menos mortes do que os dois pa\u00edses anteriores, 9.211 \u00f3bitos associados \u00e0 doen\u00e7a.<\/p>\n<p>Entre os pa\u00edses mais afectados est\u00e3o tamb\u00e9m a Eti\u00f3pia, com 4.242 v\u00edtimas mortais e 274.187 infec\u00e7\u00f5es, e a Arg\u00e9lia, com 3.702 \u00f3bitos e 133.388 infectados.<\/p>\n<p>Em rela\u00e7\u00e3o aos pa\u00edses de l\u00edngua oficial portuguesa, Mo\u00e7ambique contabiliza 841 mortes e 71.538 casos, seguindo-se Angola (831 \u00f3bitos e 36.705 casos de infec\u00e7\u00e3o), Cabo Verde (275 mortos e 31.615 casos), Guin\u00e9 Equatorial (120 \u00f3bitos e 8.650 casos), Guin\u00e9-Bissau (69 mortos e 3.803 casos) e S\u00e3o Tom\u00e9 e Pr\u00edncipe (37 mortos e 2.354 casos).<\/p>\n<p>O primeiro caso de covid-19 em \u00c1frica surgiu no Egipto, em 14 de Fevereiro de 2020, e a Nig\u00e9ria foi o primeiro pa\u00eds da \u00c1frica subsaariana a registar casos de infec\u00e7\u00e3o, em 28 de Fevereiro.<\/p>\n<p>Um balan\u00e7o feito pela ag\u00eancia francesa AFP indica que a pandemia de covid-19 provocou, pelo menos, 3.797.342 mortos no mundo, resultantes de mais de 175,5 milh\u00f5es de casos de infec\u00e7\u00e3o.<\/p>\n<p>A doen\u00e7a \u00e9 transmitida por um novo coronav\u00edrus detectado no final de 2019, em Wuhan, uma cidade do centro da China.<\/p>\n","protected":false},"excerpt":{"rendered":"<p>\u00c1frica atingiu hoje um total acumulado de 134.818 mortes associadas \u00e0 covid-19 e 5.049.036 infectados desde o in\u00edcio da pandemia, de acordo com o Centro de Controlo e Preven\u00e7\u00e3o de Doen\u00e7as da Uni\u00e3o Africana (\u00c1frica CDC). Segundo a entidade africana que re\u00fane os dados oficiais de 55 pa\u00edses e territ\u00f3rios do continente, o total de [&hellip;]<\/p>\n","protected":false},"author":1,"featured_media":5834,"comment_status":"open","ping_status":"open","sticky":false,"template":"","format":"standard","meta":{"footnotes":""},"categories":[14],"tags":[],"class_list":{"0":"post-6028","1":"post","2":"type-post","3":"status-publish","4":"format-standard","5":"has-post-thumbnail","7":"category-saude"},"amp_enabled":true,"_links":{"self":[{"href":"https:\/\/tvbelas.com\/tvbelas\/wp-json\/wp\/v2\/posts\/6028","targetHints":{"allow":["GET"]}}],"collection":[{"href":"https:\/\/tvbelas.com\/tvbelas\/wp-json\/wp\/v2\/posts"}],"about":[{"href":"https:\/\/tvbelas.com\/tvbelas\/wp-json\/wp\/v2\/types\/post"}],"author":[{"embeddable":true,"href":"https:\/\/tvbelas.com\/tvbelas\/wp-json\/wp\/v2\/users\/1"}],"replies":[{"embeddable":true,"href":"https:\/\/tvbelas.com\/tvbelas\/wp-json\/wp\/v2\/comments?post=6028"}],"version-history":[{"count":0,"href":"https:\/\/tvbelas.com\/tvbelas\/wp-json\/wp\/v2\/posts\/6028\/revisions"}],"wp:featuredmedia":[{"embeddable":true,"href":"https:\/\/tvbelas.com\/tvbelas\/wp-json\/"}],"wp:attachment":[{"href":"https:\/\/tvbelas.com\/tvbelas\/wp-json\/wp\/v2\/media?parent=6028"}],"wp:term":[{"taxonomy":"category","embeddable":true,"href":"https:\/\/tvbelas.com\/tvbelas\/wp-json\/wp\/v2\/categories?post=6028"},{"taxonomy":"post_tag","embeddable":true,"href":"https:\/\/tvbelas.com\/tvbelas\/wp-json\/wp\/v2\/tags?post=6028"}],"curies":[{"name":"wp","href":"https:\/\/api.w.org\/{rel}","templated":true}]}}