{"id":6039,"date":"2021-06-14T12:17:18","date_gmt":"2021-06-14T11:17:18","guid":{"rendered":"http:\/\/tvbelas.com\/tvbelas\/?p=6039"},"modified":"2021-06-14T12:17:18","modified_gmt":"2021-06-14T11:17:18","slug":"mpla-em-luanda-defende-eleicao-de-delegados-competentes-e-comprometido-com-o-pais","status":"publish","type":"post","link":"https:\/\/tvbelas.com\/tvbelas\/noticias\/politica-angola\/mpla-em-luanda-defende-eleicao-de-delegados-competentes-e-comprometido-com-o-pais\/","title":{"rendered":"MPLA EM LUANDA, DEFENDE  ELEI\u00c7\u00c3O  DE, DELEGADOS COMPETENTES E COMPROMETIDO COM O PA\u00cdS."},"content":{"rendered":"<p>O Secret\u00e1rio Provincial do MPLA Bento Bento, que falava no acto de exalta\u00e7\u00e3o do l\u00edder do MPLA, Jo\u00e3o Louren\u00e7o, na Centralidade do Kilamba, disse que as assembleias que decorrem nos Comit\u00e9s de Ac\u00e7\u00e3o do Partido (CAP) servem para a elei\u00e7\u00e3o de delegados, um acto deve ser rigoroso para que sejam eleitos homens comprometidos em resolver os problemas sociais da popula\u00e7\u00e3o.<\/p>\n<p>Lembrou que se aproximam desafios importantes, como as elei\u00e7\u00f5es gerais de 2022, sendo, por isso, preciso que os militantes estejam \u00e0 altura desses acontecimentos, sendo fundamental trabalhar nas bases para conhecer os candidatos que v\u00e3o assumir este compromisso.<\/p>\n<p>Bento Bento exortou os militantes a exporem os problemas do partido em f\u00f3rum pr\u00f3prio e deixar de se manifestar nas redes sociais, considerando que esta \u00e9 uma atitude que fragiliza o MPLA, que precisa de uni\u00e3o para continuar forte.<\/p>\n<p>O respons\u00e1vel do MPLA em Luanda iniciou o seu programa de trabalho no Cine Atl\u00e2ntico, Rangel, onde falou com militantes da Organiza\u00e7\u00e3o da Mulher Angolana (OMA), seguiu para o bairro Rocha Pinto, onde participou numa passeata, dirigindo-se ao Lar do Patriota e ao Calemba 2, tendo ouvido algumas preocupa\u00e7\u00f5es dos membros do partido.<\/p>\n<p>O MPLA em Luanda realiza desde o dia 10 do corrente m\u00eas actos de exalta\u00e7\u00e3o ao seu l\u00edder e encontros de ausculta\u00e7\u00e3o com os seus militantes nos nove munic\u00edpios da prov\u00edncia, para se inteirar dos problemas dpopula\u00e7\u00e3o.<\/p>\n","protected":false},"excerpt":{"rendered":"<p>O Secret\u00e1rio Provincial do MPLA Bento Bento, que falava no acto de exalta\u00e7\u00e3o do l\u00edder do MPLA, Jo\u00e3o Louren\u00e7o, na Centralidade do Kilamba, disse que as assembleias que decorrem nos Comit\u00e9s de Ac\u00e7\u00e3o do Partido (CAP) servem para a elei\u00e7\u00e3o de delegados, um acto deve ser rigoroso para que sejam eleitos homens comprometidos em resolver [&hellip;]<\/p>\n","protected":false},"author":1,"featured_media":6041,"comment_status":"open","ping_status":"open","sticky":false,"template":"","format":"standard","meta":{"footnotes":""},"categories":[12],"tags":[],"class_list":{"0":"post-6039","1":"post","2":"type-post","3":"status-publish","4":"format-standard","5":"has-post-thumbnail","7":"category-politica-angola"},"amp_enabled":true,"_links":{"self":[{"href":"https:\/\/tvbelas.com\/tvbelas\/wp-json\/wp\/v2\/posts\/6039","targetHints":{"allow":["GET"]}}],"collection":[{"href":"https:\/\/tvbelas.com\/tvbelas\/wp-json\/wp\/v2\/posts"}],"about":[{"href":"https:\/\/tvbelas.com\/tvbelas\/wp-json\/wp\/v2\/types\/post"}],"author":[{"embeddable":true,"href":"https:\/\/tvbelas.com\/tvbelas\/wp-json\/wp\/v2\/users\/1"}],"replies":[{"embeddable":true,"href":"https:\/\/tvbelas.com\/tvbelas\/wp-json\/wp\/v2\/comments?post=6039"}],"version-history":[{"count":0,"href":"https:\/\/tvbelas.com\/tvbelas\/wp-json\/wp\/v2\/posts\/6039\/revisions"}],"wp:featuredmedia":[{"embeddable":true,"href":"https:\/\/tvbelas.com\/tvbelas\/wp-json\/"}],"wp:attachment":[{"href":"https:\/\/tvbelas.com\/tvbelas\/wp-json\/wp\/v2\/media?parent=6039"}],"wp:term":[{"taxonomy":"category","embeddable":true,"href":"https:\/\/tvbelas.com\/tvbelas\/wp-json\/wp\/v2\/categories?post=6039"},{"taxonomy":"post_tag","embeddable":true,"href":"https:\/\/tvbelas.com\/tvbelas\/wp-json\/wp\/v2\/tags?post=6039"}],"curies":[{"name":"wp","href":"https:\/\/api.w.org\/{rel}","templated":true}]}}