{"id":6043,"date":"2021-06-14T12:27:15","date_gmt":"2021-06-14T11:27:15","guid":{"rendered":"http:\/\/tvbelas.com\/tvbelas\/?p=6043"},"modified":"2021-06-14T12:27:15","modified_gmt":"2021-06-14T11:27:15","slug":"festikongo-2021-reserva-exposicoes-e-conferencias-sobre-mbanza-kongo-cidade-patrimonio-mundial","status":"publish","type":"post","link":"https:\/\/tvbelas.com\/tvbelas\/noticias\/sociedade\/festikongo-2021-reserva-exposicoes-e-conferencias-sobre-mbanza-kongo-cidade-patrimonio-mundial\/","title":{"rendered":"FESTIKONGO 2021, RESERVA EXPOSI\u00c7\u00d5ES E CONFER\u00caNCIAS SOBRE MBANZA KONGO: CIDADE PATRIM\u00d3NIO MUNDIAL."},"content":{"rendered":"<p>De acordo com o coordenador adjunto do Comit\u00e9 de Gest\u00e3o Participativa do Centro Hist\u00f3rico, Biluka Nsakala Nsenga, est\u00e1 tamb\u00e9m previsto um culto ecum\u00e9nico, em homenagem a profetisa Kimpa Vita, uma figura espiritual representativa do antigo Reino do Kongo.<\/p>\n<p>Explicou que a confer\u00eancia ser\u00e1 realizada em formato virtual devido as limita\u00e7\u00f5es impostas pela Covid-19, devendo contar com a participa\u00e7\u00e3o de especialistas nacionais e estrangeiros.<\/p>\n<p>O Festikongo \u00e9 uma recomenda\u00e7\u00e3o feita pela UNESCO aquando da inscri\u00e7\u00e3o de Mbanza Kongo na lista do Patrim\u00f3nio Cultural da Humanidade, em 08 de Julho de 2017, que previa a realiza\u00e7\u00e3o de tr\u00eas edi\u00e7\u00f5es anuais consecutivas, nesta cidade.<\/p>\n<p>O prop\u00f3sito \u00e9 de fomentar o desenvolvimento sustent\u00e1vel e unir os povos do mosaico cultural Kongo e n\u00e3o s\u00f3, assim como a troca de experi\u00eancia entre si nos mais variados dom\u00ednios.<\/p>\n<p>A primeira edi\u00e7\u00e3o realizou-se em Julho de 2019 para celebrar o segundo anivers\u00e1rio da inscri\u00e7\u00e3o desta cidade pela UNESCO. Previa-se a realiza\u00e7\u00e3o da segunda edi\u00e7\u00e3o em 2020, adiada devido ao surgimento e a propaga\u00e7\u00e3o da pandemia da covid-19.<\/p>\n<p>Comit\u00e9 de Gest\u00e3o recebe Kz sete milh\u00f5es\/m\u00eas para benfeitorias<\/p>\n<p>Por outro lado, Biluka Nsakala Nsenga informou que o Comit\u00e9 de Gest\u00e3o Participativa do Centro Hist\u00f3rico de Mbanza Kongo recebe, mensalmente, sete milh\u00f5es de Kwanzas para trabalhos de manuten\u00e7\u00e3o e conserva\u00e7\u00e3o dos atributos culturais locais que permitiram a inscri\u00e7\u00e3o desta cidade.<\/p>\n<p>Precisou que o dinheiro tem sido gasto para a limpeza e conserva\u00e7\u00e3o dos monumentos, nomeadamente Kulumbimbi, Cemit\u00e9rio dos Reis do Kongo, t\u00famulo de Dona Mpolo, Tady Dia Bukikwa, Nsungi a Tadi, entre outros.<\/p>\n<p>Segundo o respons\u00e1vel, a sociedade civil, no munic\u00edpio, tem prestado tamb\u00e9m o seu apoio nesta actividade.<\/p>\n<p>Entretanto, alguns mun\u00edcipes que falaram \u00e0 ANGOP entendem que o valor que o Comit\u00e9 de Gest\u00e3o recebe podia servir para outras ac\u00e7\u00f5es em prol da divulga\u00e7\u00e3o e promo\u00e7\u00e3o do potencial cultural e art\u00edstico da localidade.<\/p>\n<p>\u201cN\u00e3o \u00e9 poss\u00edvel que sete milh\u00f5es sirvam apenas para pagar sal\u00e1rios dos que limpam os s\u00edtios e monumentos hist\u00f3ricos e membros do referido comit\u00e9 de gest\u00e3o\u201d, disse o estudante Ant\u00f3nio Mwanza.<\/p>\n<p>Na vis\u00e3o do estudante, este valor, se bem gerido, pode chegar para promover, regularmente, workshops ou confer\u00eancias para abordar diversos temas relativos ao Patrim\u00f3nio Mundial.<\/p>\n<p>Justificou que a realiza\u00e7\u00e3o de confer\u00eancias ou col\u00f3quios ajudaria esclarecer aos mun\u00edcipes, a import\u00e2ncia de um patrim\u00f3nio mundial e o seu impacto na melhoria da sua condi\u00e7\u00e3o de vida.<\/p>\n<p>Os mun\u00edcipes devem ser envolvidos neste projecto, para incutir neles o esp\u00edrito de auto perten\u00e7a\u201d, defendeu.<\/p>\n<p>Os valores culturais (materiais e imateriais) deste antigo centro pol\u00edtico e administrativo do Reino do Kongo s\u00e3o considerados atributos excepcionais que datam antes da chegada da coloniza\u00e7\u00e3o portuguesa, em 1482.<\/p>\n","protected":false},"excerpt":{"rendered":"<p>De acordo com o coordenador adjunto do Comit\u00e9 de Gest\u00e3o Participativa do Centro Hist\u00f3rico, Biluka Nsakala Nsenga, est\u00e1 tamb\u00e9m previsto um culto ecum\u00e9nico, em homenagem a profetisa Kimpa Vita, uma figura espiritual representativa do antigo Reino do Kongo. Explicou que a confer\u00eancia ser\u00e1 realizada em formato virtual devido as limita\u00e7\u00f5es impostas pela Covid-19, devendo contar [&hellip;]<\/p>\n","protected":false},"author":1,"featured_media":6045,"comment_status":"open","ping_status":"open","sticky":false,"template":"","format":"standard","meta":{"footnotes":""},"categories":[15],"tags":[],"class_list":{"0":"post-6043","1":"post","2":"type-post","3":"status-publish","4":"format-standard","5":"has-post-thumbnail","7":"category-sociedade"},"amp_enabled":true,"_links":{"self":[{"href":"https:\/\/tvbelas.com\/tvbelas\/wp-json\/wp\/v2\/posts\/6043","targetHints":{"allow":["GET"]}}],"collection":[{"href":"https:\/\/tvbelas.com\/tvbelas\/wp-json\/wp\/v2\/posts"}],"about":[{"href":"https:\/\/tvbelas.com\/tvbelas\/wp-json\/wp\/v2\/types\/post"}],"author":[{"embeddable":true,"href":"https:\/\/tvbelas.com\/tvbelas\/wp-json\/wp\/v2\/users\/1"}],"replies":[{"embeddable":true,"href":"https:\/\/tvbelas.com\/tvbelas\/wp-json\/wp\/v2\/comments?post=6043"}],"version-history":[{"count":0,"href":"https:\/\/tvbelas.com\/tvbelas\/wp-json\/wp\/v2\/posts\/6043\/revisions"}],"wp:featuredmedia":[{"embeddable":true,"href":"https:\/\/tvbelas.com\/tvbelas\/wp-json\/"}],"wp:attachment":[{"href":"https:\/\/tvbelas.com\/tvbelas\/wp-json\/wp\/v2\/media?parent=6043"}],"wp:term":[{"taxonomy":"category","embeddable":true,"href":"https:\/\/tvbelas.com\/tvbelas\/wp-json\/wp\/v2\/categories?post=6043"},{"taxonomy":"post_tag","embeddable":true,"href":"https:\/\/tvbelas.com\/tvbelas\/wp-json\/wp\/v2\/tags?post=6043"}],"curies":[{"name":"wp","href":"https:\/\/api.w.org\/{rel}","templated":true}]}}