{"id":6048,"date":"2021-06-14T22:27:02","date_gmt":"2021-06-14T21:27:02","guid":{"rendered":"http:\/\/tvbelas.com\/tvbelas\/?p=6048"},"modified":"2021-06-14T22:27:02","modified_gmt":"2021-06-14T21:27:02","slug":"espanha-1o-candidato-a-ser-travado-na-ronda-inaugural-do-seu-grupo-no-quarto-dia-em-que-eslovaquia-derrotou-a-polonia","status":"publish","type":"post","link":"https:\/\/tvbelas.com\/tvbelas\/noticias\/desporto\/espanha-1o-candidato-a-ser-travado-na-ronda-inaugural-do-seu-grupo-no-quarto-dia-em-que-eslovaquia-derrotou-a-polonia\/","title":{"rendered":"ESPANHA 1\u00ba CANDIDATO A SER TRAVADO NA RONDA INAUGURAL DO SEU GRUPO, NO QUARTO DIA EM QUE ESLOVAQUIA DERROTOU A POL\u00d3NIA."},"content":{"rendered":"<p>No primeiro jogo desta 2\u00aa feira, um bis de Patrick Schick, com um golo pouco \u00e0 frente da linha do meio-campo, valeu \u00e0 Rep\u00fablica Checa o triunfo sobre a Esc\u00f3cia por 2-0, na primeira jornada do Grupo D do Euro2020.<\/p>\n<p>Em Glasgow, a forma\u00e7\u00e3o da casa, de regresso \u00e0 fase final ap\u00f3s as presen\u00e7as de 1992 e 1996, foi tra\u00edda pelo avan\u00e7ado do Bayer Leverkusen, que marcou de cabe\u00e7a, aos 42 minutos, e com um chap\u00e9u de muito longe a David Marshall, aos 52.<br \/>\nNa classifica\u00e7\u00e3o, os checos, campe\u00f5es em 1976 como Checoslov\u00e1quia e vices em 1996, igualaram na lideran\u00e7a do agrupamento a Inglaterra, que no domingo venceu em casa a Cro\u00e1cia por 1-0, com um tento de Raheem Sterling (57 minutos).<br \/>\nNa segunda partida do dia, a Pol\u00f3nia, comandada pelo treinador portugu\u00eas Paulo Sousa, entrou-se da pior forma no Euro2020, ao perder por 2-1 com a Eslov\u00e1quia, em encontro do Grupo E, disputado em S\u00e3o Petersburgo, na R\u00fassia.<br \/>\nO guarda-redes Wojciech Szczesny, aos 18 minutos, na pr\u00f3pria baliza, e Milan Skriniar, aos 64, marcaram os golos dos eslovacos, enquanto Karol Linetty faturou, aos 46, para os polacos, que jogaram com 10 desde os 62, por expuls\u00e3o de Grzegorz Krychowiak.<br \/>\nA primeira ronda do agrupamento ficou completa com o embate que deu empate a zero entre a Espanha, campe\u00e3 europeia em 1964, 2008 e 2012, e a Su\u00e9cia.<br \/>\nNesta ter\u00e7a feira, teremos apenas dois jogos e entra em cena a campe\u00e3 em t\u00edtulo Portugal. E\u00eds os jogos:<br \/>\nGrupo F: Hungria &#8211; Portugal (17h00, Budapeste)<br \/>\nGrupo F: Fran\u00e7a &#8211; Alemanha (20h00, Munique).<\/p>\n","protected":false},"excerpt":{"rendered":"<p>No primeiro jogo desta 2\u00aa feira, um bis de Patrick Schick, com um golo pouco \u00e0 frente da linha do meio-campo, valeu \u00e0 Rep\u00fablica Checa o triunfo sobre a Esc\u00f3cia por 2-0, na primeira jornada do Grupo D do Euro2020. Em Glasgow, a forma\u00e7\u00e3o da casa, de regresso \u00e0 fase final ap\u00f3s as presen\u00e7as de [&hellip;]<\/p>\n","protected":false},"author":1,"featured_media":6050,"comment_status":"open","ping_status":"open","sticky":false,"template":"","format":"standard","meta":{"footnotes":""},"categories":[19],"tags":[],"class_list":{"0":"post-6048","1":"post","2":"type-post","3":"status-publish","4":"format-standard","5":"has-post-thumbnail","7":"category-desporto"},"amp_enabled":true,"_links":{"self":[{"href":"https:\/\/tvbelas.com\/tvbelas\/wp-json\/wp\/v2\/posts\/6048","targetHints":{"allow":["GET"]}}],"collection":[{"href":"https:\/\/tvbelas.com\/tvbelas\/wp-json\/wp\/v2\/posts"}],"about":[{"href":"https:\/\/tvbelas.com\/tvbelas\/wp-json\/wp\/v2\/types\/post"}],"author":[{"embeddable":true,"href":"https:\/\/tvbelas.com\/tvbelas\/wp-json\/wp\/v2\/users\/1"}],"replies":[{"embeddable":true,"href":"https:\/\/tvbelas.com\/tvbelas\/wp-json\/wp\/v2\/comments?post=6048"}],"version-history":[{"count":0,"href":"https:\/\/tvbelas.com\/tvbelas\/wp-json\/wp\/v2\/posts\/6048\/revisions"}],"wp:featuredmedia":[{"embeddable":true,"href":"https:\/\/tvbelas.com\/tvbelas\/wp-json\/"}],"wp:attachment":[{"href":"https:\/\/tvbelas.com\/tvbelas\/wp-json\/wp\/v2\/media?parent=6048"}],"wp:term":[{"taxonomy":"category","embeddable":true,"href":"https:\/\/tvbelas.com\/tvbelas\/wp-json\/wp\/v2\/categories?post=6048"},{"taxonomy":"post_tag","embeddable":true,"href":"https:\/\/tvbelas.com\/tvbelas\/wp-json\/wp\/v2\/tags?post=6048"}],"curies":[{"name":"wp","href":"https:\/\/api.w.org\/{rel}","templated":true}]}}