{"id":6054,"date":"2021-06-15T07:53:16","date_gmt":"2021-06-15T06:53:16","guid":{"rendered":"http:\/\/tvbelas.com\/tvbelas\/?p=6054"},"modified":"2021-06-15T07:53:16","modified_gmt":"2021-06-15T06:53:16","slug":"presidente-da-unita-adalberto-costa-denuncia-mal-estar-diplomatico-entre-angola-e-a-guine-bissau","status":"publish","type":"post","link":"https:\/\/tvbelas.com\/tvbelas\/noticias\/politica-angola\/presidente-da-unita-adalberto-costa-denuncia-mal-estar-diplomatico-entre-angola-e-a-guine-bissau\/","title":{"rendered":"PRESIDENTE DA UNITA, ADALBERTO COSTA J\u00daNIOR DENUNCIA  MAL-ESTAR DIPLOM\u00c1TICO ENTRE ANGOLA E A GUIN\u00c9-BISSAU."},"content":{"rendered":"<p>Adalberto Costa J\u00fanior, presidente da Uni\u00e3o Nacional para a Independ\u00eancia Total de Angola (UNITA), , revelou na \u00faltima semana, num debate sobre reformas pol\u00edticas em Angola, o que classificou como &#8220;a\u00e7\u00f5es graves&#8221; do Governo angolano no \u00e2mbito de uma alegada retalia\u00e7\u00e3o \u00e0 Guin\u00e9-Bissau, segundo o portal DW.<\/p>\n<p>Angola n\u00e3o tem um embaixador nomeado para a Guin\u00e9-Bissau desde 2020, quando Daniel Ant\u00f3nio Rosa deixou Bissau para assumir a chefia da diplomacia angolana em Singapura. Luanda n\u00e3o nomeou c\u00f4nsul em Bissau, segundo a lista de titulares de Angola em diferentes representa\u00e7\u00f5es diplom\u00e1ticas, a qual a DW \u00c1frica teve acesso.<\/p>\n<p>Segundo o l\u00edder da UNITA, Luanda tamb\u00e9m n\u00e3o acreditou a embaixadora sugerida pelo Governo de Umaro Sissoco Embal\u00f3 para Angola. &#8220;Tomei conhecimento na Guin\u00e9, que a Guin\u00e9-Bissau retirou o embaixador de Angola e ficou sem embaixador. E pior ainda, que as cartas credenciais para a nomea\u00e7\u00e3o da [nova] embaixadora em Angola n\u00e3o foram aceites. Isso \u00e9 grave&#8221;, revelou o l\u00edder do maior partido da oposi\u00e7\u00e3o angolana.<br \/>\n&#8220;Rela\u00e7\u00f5es s\u00e3o boas&#8221;<br \/>\nAs rela\u00e7\u00f5es entre os dois pa\u00edses ter\u00e1 &#8220;azedado&#8221; depois dos resultados pol\u00e9micos das elei\u00e7\u00f5es presidenciais na Guin\u00e9-Bissau. Em mar\u00e7o do ano passado, Umaro Sissoco Embal\u00f3, lan\u00e7ou &#8220;farpas&#8221; ao Presidente Jo\u00e3o Louren\u00e7o, acusando-o de interferir nos assuntos internos do seu pa\u00eds e tamb\u00e9m de perseguir a fam\u00edlia do ex-Presidente Jos\u00e9 Eduardo dos Santos.<\/p>\n<p>O Minist\u00e9rio das Rela\u00e7\u00f5es Exteriores de Angola (MIREX) n\u00e3o respondeu oficialmente \u00e0s solicita\u00e7\u00f5es de entrevista da DW \u00c1frica sobre o caso. No entanto, uma fonte do MIREX garantiu que o alegado mal-estar diplom\u00e1tico entre Luanda e Bissau n\u00e3o existe e que as rela\u00e7\u00f5es entre os dois pa\u00edses s\u00e3o boas.<\/p>\n<p>Segundo a fonte diplom\u00e1tica, Bissau n\u00e3o teria remetido documentos sobre a indica\u00e7\u00e3o de um novo embaixador em Angola. A mesma fonte garante que Angola mant\u00e9m contactos com o encarregado dos neg\u00f3cios da Guin\u00e9-Bissau junto ao MIREX.<br \/>\n&#8220;Pode significar retalia\u00e7\u00e3o&#8221;<br \/>\nA especialista em assuntos internacionais, Em\u00edlia Pinto, diz que cartas credenciais s\u00e3o negadas quando &#8220;n\u00e3o h\u00e1 interesse de se legitimar&#8221; a figura diplom\u00e1tica escolhida ou &#8220;quando a escolha n\u00e3o \u00e9 aceite de forma cordial pelo Estado que deve acreditar esta figura diplom\u00e1tica&#8221;.<\/p>\n<p>Pinto afirma que h\u00e1 quest\u00f5es que devem ser esclarecidas pelos dois pa\u00edses, que t\u00eam liga\u00e7\u00f5es hist\u00f3ricas. A analista defende acredita\u00e7\u00e3o dos diplomatas para a preserva\u00e7\u00e3o dos la\u00e7os diplom\u00e1ticos entre os dois Estados e surge a necessidade de se ativar os mecanismos diplom\u00e1ticos para dirimir conflitos de ordem pol\u00edtica.<\/p>\n<p>&#8220;Antes do envio de qualquer objeto oficial, ap\u00f3s as alegadas acusa\u00e7\u00f5es, n\u00e3o houve nenhum pronunciamento oficial &#8211; nem por parte de Angola, muito menos da Guin\u00e9-Bissau. Isso faz com que haja algumas quest\u00f5es por se esclarecer entre os dois pa\u00edses. Isso pode significar retalia\u00e7\u00e3o, pode significar hostilidade entre os Estados. Pode at\u00e9 mesmo comprometer rela\u00e7\u00f5es diplom\u00e1ticas tradicionais e hist\u00f3ricas&#8221;.<br \/>\nUm gentileza da DW.<\/p>\n","protected":false},"excerpt":{"rendered":"<p>Adalberto Costa J\u00fanior, presidente da Uni\u00e3o Nacional para a Independ\u00eancia Total de Angola (UNITA), , revelou na \u00faltima semana, num debate sobre reformas pol\u00edticas em Angola, o que classificou como &#8220;a\u00e7\u00f5es graves&#8221; do Governo angolano no \u00e2mbito de uma alegada retalia\u00e7\u00e3o \u00e0 Guin\u00e9-Bissau, segundo o portal DW. Angola n\u00e3o tem um embaixador nomeado para a [&hellip;]<\/p>\n","protected":false},"author":1,"featured_media":6056,"comment_status":"open","ping_status":"open","sticky":false,"template":"","format":"standard","meta":{"footnotes":""},"categories":[12],"tags":[],"class_list":{"0":"post-6054","1":"post","2":"type-post","3":"status-publish","4":"format-standard","5":"has-post-thumbnail","7":"category-politica-angola"},"amp_enabled":true,"_links":{"self":[{"href":"https:\/\/tvbelas.com\/tvbelas\/wp-json\/wp\/v2\/posts\/6054","targetHints":{"allow":["GET"]}}],"collection":[{"href":"https:\/\/tvbelas.com\/tvbelas\/wp-json\/wp\/v2\/posts"}],"about":[{"href":"https:\/\/tvbelas.com\/tvbelas\/wp-json\/wp\/v2\/types\/post"}],"author":[{"embeddable":true,"href":"https:\/\/tvbelas.com\/tvbelas\/wp-json\/wp\/v2\/users\/1"}],"replies":[{"embeddable":true,"href":"https:\/\/tvbelas.com\/tvbelas\/wp-json\/wp\/v2\/comments?post=6054"}],"version-history":[{"count":0,"href":"https:\/\/tvbelas.com\/tvbelas\/wp-json\/wp\/v2\/posts\/6054\/revisions"}],"wp:featuredmedia":[{"embeddable":true,"href":"https:\/\/tvbelas.com\/tvbelas\/wp-json\/"}],"wp:attachment":[{"href":"https:\/\/tvbelas.com\/tvbelas\/wp-json\/wp\/v2\/media?parent=6054"}],"wp:term":[{"taxonomy":"category","embeddable":true,"href":"https:\/\/tvbelas.com\/tvbelas\/wp-json\/wp\/v2\/categories?post=6054"},{"taxonomy":"post_tag","embeddable":true,"href":"https:\/\/tvbelas.com\/tvbelas\/wp-json\/wp\/v2\/tags?post=6054"}],"curies":[{"name":"wp","href":"https:\/\/api.w.org\/{rel}","templated":true}]}}