{"id":6068,"date":"2021-06-15T23:01:48","date_gmt":"2021-06-15T22:01:48","guid":{"rendered":"http:\/\/tvbelas.com\/tvbelas\/?p=6068"},"modified":"2021-06-15T23:01:48","modified_gmt":"2021-06-15T22:01:48","slug":"portugal-vence-a-hungria-de-forma-categorica-com-bis-de-ronaldo-que-passou-a-ser-o-melhor-marcador-de-sempre-da-prova-enquanto-a-campea-do-mundo-franca-beneficiou-de-um-auto-golo-para-vencer-a-alema","status":"publish","type":"post","link":"https:\/\/tvbelas.com\/tvbelas\/noticias\/desporto\/portugal-vence-a-hungria-de-forma-categorica-com-bis-de-ronaldo-que-passou-a-ser-o-melhor-marcador-de-sempre-da-prova-enquanto-a-campea-do-mundo-franca-beneficiou-de-um-auto-golo-para-vencer-a-alema\/","title":{"rendered":"PORTUGAL VENCE A HUNGRIA DE FORMA CATEG\u00d3RICA COM B\u00cdS DE RONALDO QUE PASSOU  A SER O MELHOR MARCADOR DE SEMPRE DA PROVA, ENQUANTO A CAMPE\u00c3 DO MUNDO FRAN\u00c7A BENEFICIOU DE UM AUTO GOLO PARA VENCER A ALEMANHA"},"content":{"rendered":"<p>No quinto dia do Euro 2020 entrou em cena Portugal que venceu a Hungria (3-0), na primeira jornada do Grupo F do Campeonato da Europa. Desde 2008 que a equipa das quinas n\u00e3o arrancava um Euro com um triunfo.<br \/>\nNuma partida marcada pelo dom\u00ednio portugu\u00eas, os golos s\u00f3 chegaram na segunda parte e depois da Hungria ter visto um tento de Sch\u00f6ns anulado por posi\u00e7\u00e3o irregular. Raphael Guerreiro (84\u2019) abriu o ativo e Cristiano Ronaldo (87\u2019 gp e 90+2\u2019) bisou, tornando-se no melhor marcador de sempre dos Campeonatos da Europa, com um total de 11 tentos, ultrapassando Nichel Platini com 9 tentos.<br \/>\nEnquanto isso a Fran\u00e7a, campe\u00e3 mundial e vice-campe\u00e3o europeia em t\u00edtulo, venceu esta ter\u00e7a-feira a Alemanha por 1-0, em encontro da primeira jornada do Grupo F do Euro 2020, disputado na Allianz Arena, em Munique.<br \/>\nUm autogolo de Mats Hummels, aos 20 minutos, selou o triunfo dos comandados de Didier Deschamps.<br \/>\nAp\u00f3s a primeira ronda, lidera o agrupamento, com os mesmos tr\u00eas pontos dos gauleses, enquanto a Alemanha, pr\u00f3xima advers\u00e1ria da equipa das &#8216;quinas&#8217;, no s\u00e1bado, em Munique, est\u00e1 a zero, como os magiares.<br \/>\nEsta quarta feira a prova prossegue com os jogos:<br \/>\nGrupo B: Finl\u00e2ndia &#8211; R\u00fassia (14h00, S\u00e3o Petersburgo)<br \/>\nGrupo A: Turquia &#8211; Gales (17h00, Baku)<br \/>\nGrupo A: It\u00e1lia &#8211; Su\u00ed\u00e7a (20h00, Roma)<\/p>\n","protected":false},"excerpt":{"rendered":"<p>No quinto dia do Euro 2020 entrou em cena Portugal que venceu a Hungria (3-0), na primeira jornada do Grupo F do Campeonato da Europa. Desde 2008 que a equipa das quinas n\u00e3o arrancava um Euro com um triunfo. Numa partida marcada pelo dom\u00ednio portugu\u00eas, os golos s\u00f3 chegaram na segunda parte e depois da [&hellip;]<\/p>\n","protected":false},"author":1,"featured_media":6070,"comment_status":"open","ping_status":"open","sticky":false,"template":"","format":"standard","meta":{"footnotes":""},"categories":[19],"tags":[],"class_list":{"0":"post-6068","1":"post","2":"type-post","3":"status-publish","4":"format-standard","5":"has-post-thumbnail","7":"category-desporto"},"amp_enabled":true,"_links":{"self":[{"href":"https:\/\/tvbelas.com\/tvbelas\/wp-json\/wp\/v2\/posts\/6068","targetHints":{"allow":["GET"]}}],"collection":[{"href":"https:\/\/tvbelas.com\/tvbelas\/wp-json\/wp\/v2\/posts"}],"about":[{"href":"https:\/\/tvbelas.com\/tvbelas\/wp-json\/wp\/v2\/types\/post"}],"author":[{"embeddable":true,"href":"https:\/\/tvbelas.com\/tvbelas\/wp-json\/wp\/v2\/users\/1"}],"replies":[{"embeddable":true,"href":"https:\/\/tvbelas.com\/tvbelas\/wp-json\/wp\/v2\/comments?post=6068"}],"version-history":[{"count":0,"href":"https:\/\/tvbelas.com\/tvbelas\/wp-json\/wp\/v2\/posts\/6068\/revisions"}],"wp:featuredmedia":[{"embeddable":true,"href":"https:\/\/tvbelas.com\/tvbelas\/wp-json\/"}],"wp:attachment":[{"href":"https:\/\/tvbelas.com\/tvbelas\/wp-json\/wp\/v2\/media?parent=6068"}],"wp:term":[{"taxonomy":"category","embeddable":true,"href":"https:\/\/tvbelas.com\/tvbelas\/wp-json\/wp\/v2\/categories?post=6068"},{"taxonomy":"post_tag","embeddable":true,"href":"https:\/\/tvbelas.com\/tvbelas\/wp-json\/wp\/v2\/tags?post=6068"}],"curies":[{"name":"wp","href":"https:\/\/api.w.org\/{rel}","templated":true}]}}