{"id":6072,"date":"2021-06-16T18:43:03","date_gmt":"2021-06-16T17:43:03","guid":{"rendered":"http:\/\/tvbelas.com\/tvbelas\/?p=6072"},"modified":"2021-06-16T18:43:03","modified_gmt":"2021-06-16T17:43:03","slug":"ceo-da-tv-belas-reune-se-com-presidente-da-casa-ce-manuel-fernandes","status":"publish","type":"post","link":"https:\/\/tvbelas.com\/tvbelas\/noticias\/sociedade\/ceo-da-tv-belas-reune-se-com-presidente-da-casa-ce-manuel-fernandes\/","title":{"rendered":"CEO DA TV BELAS REUNE-SE COM PRESIDENTE DA CASA-CE, MANUEL FERNANDES."},"content":{"rendered":"<p>O CEO da Tv Belas e empreendedor angolano, Yussuf Tati, manteve um encontro esta quarta-feira com o presidente da CASA-CE, Manuel Fernandes.<\/p>\n<p>O jovem empreendedor apresentou o seu projecto de comunica\u00e7\u00e3o social. Yussuf e Manuel Fernandes abordaram ainda o atual contexto da comunica\u00e7\u00e3o social no pa\u00eds e as dificuldades que os jornalistas t\u00eam no acesso as fontes de informa\u00e7\u00e3o, principalmente ligadas a pol\u00edtica.<\/p>\n<p>No final da audi\u00eancia, o jovem empreendor disse a imprensa que o seu projecto visa potenciar a juventude com informa\u00e7\u00f5es sobre o valor cultural, econ\u00f3mico e socio politico. O CEO da Tv Belas afirmou que vai continuar a apostar nos jovens e realizar sonhos, tendo como base a economia criativa.<\/p>\n<p>Por sua vez, Manuel Fernandes, mostrou-se feliz por conhecer o projecto da Tv Belas e garantiu que vai trabalhar para que haja maior abertura dos pol\u00edticos aos \u00f3rg\u00e3os de comunica\u00e7\u00e3o social.<\/p>\n<p>Yussuf Tati, de 30 anos, fundou a Tv Belas, em 2013, canal de televis\u00e3o online do grupo de comunica\u00e7\u00e3o Adeltania multimedia, que gere igualmente a Massampo Multimedia e o centro de forma\u00e7\u00e3o da televis\u00e3o, que j\u00e1 lan\u00e7ou para o mercado de trabalho mais de 300 jornalistas e t\u00e9cnicos.<\/p>\n<p>A Tv Belas produz conte\u00fados jornalisticos de entretenimento e agora aposta seriamente nas transmiss\u00f5es desportivas online, como foi o caso da emiss\u00e3o do Torneio de futebol de pr\u00e9-temporada, Trumunu Fora de \u00c9poca, e o mais recente, a transmiss\u00e3o dos campeonatos nacionais de Andebol em seniores masculino e feminino no Arena do kilamba.<\/p>\n","protected":false},"excerpt":{"rendered":"<p>O CEO da Tv Belas e empreendedor angolano, Yussuf Tati, manteve um encontro esta quarta-feira com o presidente da CASA-CE, Manuel Fernandes. O jovem empreendedor apresentou o seu projecto de comunica\u00e7\u00e3o social. Yussuf e Manuel Fernandes abordaram ainda o atual contexto da comunica\u00e7\u00e3o social no pa\u00eds e as dificuldades que os jornalistas t\u00eam no acesso [&hellip;]<\/p>\n","protected":false},"author":1,"featured_media":6079,"comment_status":"open","ping_status":"open","sticky":false,"template":"","format":"gallery","meta":{"footnotes":""},"categories":[15],"tags":[],"class_list":{"0":"post-6072","1":"post","2":"type-post","3":"status-publish","4":"format-gallery","5":"has-post-thumbnail","7":"category-sociedade","8":"post_format-post-format-gallery"},"amp_enabled":true,"_links":{"self":[{"href":"https:\/\/tvbelas.com\/tvbelas\/wp-json\/wp\/v2\/posts\/6072","targetHints":{"allow":["GET"]}}],"collection":[{"href":"https:\/\/tvbelas.com\/tvbelas\/wp-json\/wp\/v2\/posts"}],"about":[{"href":"https:\/\/tvbelas.com\/tvbelas\/wp-json\/wp\/v2\/types\/post"}],"author":[{"embeddable":true,"href":"https:\/\/tvbelas.com\/tvbelas\/wp-json\/wp\/v2\/users\/1"}],"replies":[{"embeddable":true,"href":"https:\/\/tvbelas.com\/tvbelas\/wp-json\/wp\/v2\/comments?post=6072"}],"version-history":[{"count":0,"href":"https:\/\/tvbelas.com\/tvbelas\/wp-json\/wp\/v2\/posts\/6072\/revisions"}],"wp:featuredmedia":[{"embeddable":true,"href":"https:\/\/tvbelas.com\/tvbelas\/wp-json\/"}],"wp:attachment":[{"href":"https:\/\/tvbelas.com\/tvbelas\/wp-json\/wp\/v2\/media?parent=6072"}],"wp:term":[{"taxonomy":"category","embeddable":true,"href":"https:\/\/tvbelas.com\/tvbelas\/wp-json\/wp\/v2\/categories?post=6072"},{"taxonomy":"post_tag","embeddable":true,"href":"https:\/\/tvbelas.com\/tvbelas\/wp-json\/wp\/v2\/tags?post=6072"}],"curies":[{"name":"wp","href":"https:\/\/api.w.org\/{rel}","templated":true}]}}