{"id":6130,"date":"2021-06-18T08:13:55","date_gmt":"2021-06-18T07:13:55","guid":{"rendered":"http:\/\/tvbelas.com\/tvbelas\/?p=6130"},"modified":"2021-06-18T08:13:55","modified_gmt":"2021-06-18T07:13:55","slug":"luisa-damiao-vice-presidente-do-mpla-destaca-no-huambo-que-a-chave-para-o-desenvolvimento-do-pais-reside-no-reforco-da-unidade-preservacao-da-paz","status":"publish","type":"post","link":"https:\/\/tvbelas.com\/tvbelas\/noticias\/politica-angola\/luisa-damiao-vice-presidente-do-mpla-destaca-no-huambo-que-a-chave-para-o-desenvolvimento-do-pais-reside-no-reforco-da-unidade-preservacao-da-paz\/","title":{"rendered":"LU\u00cdSA DAMI\u00c3O, VICE-PRESIDENTE DO MPLA,  DESTACA,  NO HUAMBO, QUE A CHAVE PARA O DESENVOLVIMENTO DO PA\u00cdS RESIDE NO REFOR\u00c7O DA UNIDADE, PRESERVA\u00c7\u00c3O DA PAZ"},"content":{"rendered":"<p>Lu\u00edsa Dami\u00e3o fez estas considera\u00e7\u00f5es durante a abertura da\u00a0 III Edi\u00e7\u00e3o do Encontro Nacional de recep\u00e7\u00e3o de opini\u00f5es da sociedade civil, \u00a0 denominado \u201cTerm\u00f3metro\u201d, realizado sob o lema \u201cA import\u00e2ncia do perd\u00e3o e da toler\u00e2ncia para o aperfei\u00e7oamento da reconcilia\u00e7\u00e3o e unidade nacional\u201d.<\/p>\n<p>Conforme a dirigente, a reconcilia\u00e7\u00e3o representa, para muitos pa\u00edses, um pilar indispens\u00e1vel para as transforma\u00e7\u00f5es democr\u00e1ticas que se imp\u00f5em e um dos motores de reformula\u00e7\u00e3o do contrato social.<\/p>\n<p>Segundo a respons\u00e1vel, Angola vive uma experi\u00eancia exemplar em termos de preserva\u00e7\u00e3o e manuten\u00e7\u00e3o da paz e de aprofundamento constante da reconcilia\u00e7\u00e3o nacional, da inclus\u00e3o social, do perd\u00e3o m\u00fatuo e do sarar das feridas do conflito armado.<\/p>\n<p>Nesta conformidade, destacou o pedido de desculpas p\u00fablicas e perd\u00e3o apresentado pelo Presidente da Rep\u00fablica, Jo\u00e3o Louren\u00e7o, \u00e0s v\u00edtimas dos conflitos armados que correram no pa\u00eds (1975 a 2002), como uma declara\u00e7\u00e3o hist\u00f3rica e de eleva responsabilidade patri\u00f3tica.<\/p>\n<p>Este pedido de perd\u00e3o, para Lu\u00edsa Dami\u00e3o, representa o reconhecimento dos erros cometidos entre \u201cirm\u00e3os da mesma P\u00e1tria\u201d e aprofunda, indubitavelmente, a preserva\u00e7\u00e3o e\u00a0 manuten\u00e7\u00e3o de uma paz definitiva, sobretudo, a reconcilia\u00e7\u00e3o nacional , \u00e0\u00a0inclus\u00e3o social, o perd\u00e3o m\u00fatuo e do sarar das feridas do conflito armado.<\/p>\n<p>Neste particular de assun\u00e7\u00e3o de responsabilidade, continuou, o Estado angolano acaba de fazer a sua parte ao assumir os erros cometidos no quadro do 27 de Maio, \u201ccabendo aqu\u00e9m nos conflitos armados do per\u00edodo de\u00a0 1975 a 2002 reconhecer, com humildade, que ter\u00e1 cometido &#8220;erros gravosos&#8221;, &#8220;perder a\u00a0 vergonha&#8221; e ter a coragem e vir ao p\u00fablico, com sinceridade, pedir desculpas p\u00fablicas e perd\u00e3o\u201d.<\/p>\n<p>Referiu que o MPLA n\u00e3o tem medo de assumir os seus erros e sempre o tem feito com o sentido de responsabilidade, apontando como prova evidente\u00a0o lema de governa\u00e7\u00e3o \u201cMelhorar o que est\u00e1 bem e corrigir o que est\u00e1 mal\u201d.<\/p>\n<p>A III Edi\u00e7\u00e3o do Encontro Nacional de recep\u00e7\u00e3o de opini\u00f5es da sociedade civil\u00a0\u201cTerm\u00f3metro\u201d, que juntou diversos quadros e militantes do partido no poder em Angola, antecedeu ao segundo encontro inter-provincial dos secretariados executivos dos organismos prementes e interm\u00e9dios\u00a0 da regi\u00e3o Centro.<\/p>\n<p>O certame, a realizar-se nesta sexta-feira, no munic\u00edpio do Bailundo, a 75 quil\u00f3metros desta cidade, junta delegados das prov\u00edncias de Benguela, Bi\u00e9, Cuanza Sul e Huambo.<\/p>\n<p>Ainda no cumprimento da sua jornada de trabalho, a vice-presidente do MPLA manteve, logo a ap\u00f3s \u00e0 sua chegada ao Huambo, um encontro com os primeiros secret\u00e1rios provinciais, tendo, em seguida, se deslocado ao munic\u00edpio da Ca\u00e1la, onde se inteirou do grau de funcionamento das estruturas de base do Partido e concedeu audi\u00eancia \u00e0s diversas individualidades da sociedade civil desta regi\u00e3o.<\/p>\n","protected":false},"excerpt":{"rendered":"<p>Lu\u00edsa Dami\u00e3o fez estas considera\u00e7\u00f5es durante a abertura da\u00a0 III Edi\u00e7\u00e3o do Encontro Nacional de recep\u00e7\u00e3o de opini\u00f5es da sociedade civil, \u00a0 denominado \u201cTerm\u00f3metro\u201d, realizado sob o lema \u201cA import\u00e2ncia do perd\u00e3o e da toler\u00e2ncia para o aperfei\u00e7oamento da reconcilia\u00e7\u00e3o e unidade nacional\u201d. Conforme a dirigente, a reconcilia\u00e7\u00e3o representa, para muitos pa\u00edses, um pilar indispens\u00e1vel [&hellip;]<\/p>\n","protected":false},"author":1,"featured_media":6132,"comment_status":"open","ping_status":"open","sticky":false,"template":"","format":"standard","meta":{"footnotes":""},"categories":[12],"tags":[],"class_list":{"0":"post-6130","1":"post","2":"type-post","3":"status-publish","4":"format-standard","5":"has-post-thumbnail","7":"category-politica-angola"},"amp_enabled":true,"_links":{"self":[{"href":"https:\/\/tvbelas.com\/tvbelas\/wp-json\/wp\/v2\/posts\/6130","targetHints":{"allow":["GET"]}}],"collection":[{"href":"https:\/\/tvbelas.com\/tvbelas\/wp-json\/wp\/v2\/posts"}],"about":[{"href":"https:\/\/tvbelas.com\/tvbelas\/wp-json\/wp\/v2\/types\/post"}],"author":[{"embeddable":true,"href":"https:\/\/tvbelas.com\/tvbelas\/wp-json\/wp\/v2\/users\/1"}],"replies":[{"embeddable":true,"href":"https:\/\/tvbelas.com\/tvbelas\/wp-json\/wp\/v2\/comments?post=6130"}],"version-history":[{"count":0,"href":"https:\/\/tvbelas.com\/tvbelas\/wp-json\/wp\/v2\/posts\/6130\/revisions"}],"wp:featuredmedia":[{"embeddable":true,"href":"https:\/\/tvbelas.com\/tvbelas\/wp-json\/"}],"wp:attachment":[{"href":"https:\/\/tvbelas.com\/tvbelas\/wp-json\/wp\/v2\/media?parent=6130"}],"wp:term":[{"taxonomy":"category","embeddable":true,"href":"https:\/\/tvbelas.com\/tvbelas\/wp-json\/wp\/v2\/categories?post=6130"},{"taxonomy":"post_tag","embeddable":true,"href":"https:\/\/tvbelas.com\/tvbelas\/wp-json\/wp\/v2\/tags?post=6130"}],"curies":[{"name":"wp","href":"https:\/\/api.w.org\/{rel}","templated":true}]}}