{"id":6134,"date":"2021-06-18T08:28:04","date_gmt":"2021-06-18T07:28:04","guid":{"rendered":"http:\/\/tvbelas.com\/tvbelas\/?p=6134"},"modified":"2021-06-18T08:28:04","modified_gmt":"2021-06-18T07:28:04","slug":"mbanza-kongo-prepara-se-para-assinalar-no-proximo-dia-8-de-julho-o-quarto-aniversario-desde-a-inscricao-deste-centro-historico-na-lista-do-patrimonio-cultural-da-humanidade","status":"publish","type":"post","link":"https:\/\/tvbelas.com\/tvbelas\/noticias\/sociedade\/mbanza-kongo-prepara-se-para-assinalar-no-proximo-dia-8-de-julho-o-quarto-aniversario-desde-a-inscricao-deste-centro-historico-na-lista-do-patrimonio-cultural-da-humanidade\/","title":{"rendered":"MBANZA KONGO, PREPARA-SE PARA ASSINALAR, NO PR\u00d3XIMO DIA 8 DE JULHO, O QUARTO ANIVERS\u00c1RIO DESDE A INSCRI\u00c7\u00c3O DESTE CENTRO HIST\u00d3RICO NA LISTA DO PATRIM\u00d3NIO CULTURAL DA HUMANIDADE."},"content":{"rendered":"<p>A inscri\u00e7\u00e3o desta capital do antigo Reino do Kongo encheu de orgulho a prov\u00edncia, o pa\u00eds e a \u00c1frica que passaram a contar com mais um s\u00edtio reconhecido universalmente como bem excepcional, digno de ser valorizado e preservado para as futuras gera\u00e7\u00f5es.<\/p>\n<p>Este feito representou, tamb\u00e9m, uma responsabilidade acrescida para as autoridades angolanas, que devem materializar uma s\u00e9rie de recomenda\u00e7\u00f5es da Organiza\u00e7\u00e3o das Na\u00e7\u00f5es Unidas para a Educa\u00e7\u00e3o, Ci\u00eancia e Cultura (UNESCO) com vista a manuten\u00e7\u00e3o do estatuto.<\/p>\n<p>Em entrevista hoje, quinta-feira \u00e0 ANGOP, para falar dos preparativos em curso\u00a0visando a assinalar a data, o administrador municipal de Mbanza Kongo, Manuel Nsiansoki Gomes, manifestou optimismo quanto ao cumprimento das tarefas emanadas pela UNESCO pelo Executivo angolano.<\/p>\n<p>Ressalvou, entretanto, que nem tudo deve depender das estruturas centrais, por entender haver muitas outras tarefas que podem ser executadas pelas inst\u00e2ncias locais, pelo que pediu a cont\u00ednua conjuga\u00e7\u00e3o de esfor\u00e7os entre as autoridades e os mun\u00edcipes.<\/p>\n<p>Referiu-se, por exemplo, \u00e0 preserva\u00e7\u00e3o e conserva\u00e7\u00e3o dos atributos hist\u00f3ricos e culturais, assim como ao trabalho de divulga\u00e7\u00e3o e marketing das potencialidades culturais locais, visando a atrac\u00e7\u00e3o de investimentos e consequente fomento do turismo cient\u00edfico.<\/p>\n<p>Na sua opini\u00e3o, o momento dif\u00edcil da economia nacional, agravado pela pandemia da Covid-19, n\u00e3o permite dar passos na velocidade requerida.<\/p>\n<p>Para assinalar o dia 8 de Julho, as autoridades locais elaboraram um programa de actividades, onde se destaca a realiza\u00e7\u00e3o do Festival Internacional da Cultura e as Artes Kongo (FESTIKONGO), edi\u00e7\u00e3o 2021, adaptado \u00e0s actuais limita\u00e7\u00f5es impostas pela pandemia da Covid-19.<\/p>\n<p>A primeira edi\u00e7\u00e3o realizou-se em Julho de 2019, sendo que a segunda, que seria no ano a seguir, sofreu adiamento por raz\u00f5es da Covid-19. O evento deveria ser promovido em tr\u00eas anos consecutivos, conforme recomenda\u00e7\u00e3o da UNESCO.<\/p>\n<p>Figuram tamb\u00e9m, entre as recomenda\u00e7\u00f5es, a constru\u00e7\u00e3o de um novo aeroporto para Mbanza Kongo, novo museu, a remo\u00e7\u00e3o de antenas met\u00e1licas de comunica\u00e7\u00f5es na zona classificada ou inscrita, reabilita\u00e7\u00e3o das 12 fontes de \u00e1gua que circundam a cidade, entre tantas outras.<\/p>\n<p>Mbanza Kongo foi o centro pol\u00edtico-administrativo do antigo Reino do Kongo.<\/p>\n","protected":false},"excerpt":{"rendered":"<p>A inscri\u00e7\u00e3o desta capital do antigo Reino do Kongo encheu de orgulho a prov\u00edncia, o pa\u00eds e a \u00c1frica que passaram a contar com mais um s\u00edtio reconhecido universalmente como bem excepcional, digno de ser valorizado e preservado para as futuras gera\u00e7\u00f5es. Este feito representou, tamb\u00e9m, uma responsabilidade acrescida para as autoridades angolanas, que devem [&hellip;]<\/p>\n","protected":false},"author":1,"featured_media":6136,"comment_status":"open","ping_status":"open","sticky":false,"template":"","format":"standard","meta":{"footnotes":""},"categories":[15],"tags":[],"class_list":{"0":"post-6134","1":"post","2":"type-post","3":"status-publish","4":"format-standard","5":"has-post-thumbnail","7":"category-sociedade"},"amp_enabled":true,"_links":{"self":[{"href":"https:\/\/tvbelas.com\/tvbelas\/wp-json\/wp\/v2\/posts\/6134","targetHints":{"allow":["GET"]}}],"collection":[{"href":"https:\/\/tvbelas.com\/tvbelas\/wp-json\/wp\/v2\/posts"}],"about":[{"href":"https:\/\/tvbelas.com\/tvbelas\/wp-json\/wp\/v2\/types\/post"}],"author":[{"embeddable":true,"href":"https:\/\/tvbelas.com\/tvbelas\/wp-json\/wp\/v2\/users\/1"}],"replies":[{"embeddable":true,"href":"https:\/\/tvbelas.com\/tvbelas\/wp-json\/wp\/v2\/comments?post=6134"}],"version-history":[{"count":0,"href":"https:\/\/tvbelas.com\/tvbelas\/wp-json\/wp\/v2\/posts\/6134\/revisions"}],"wp:featuredmedia":[{"embeddable":true,"href":"https:\/\/tvbelas.com\/tvbelas\/wp-json\/"}],"wp:attachment":[{"href":"https:\/\/tvbelas.com\/tvbelas\/wp-json\/wp\/v2\/media?parent=6134"}],"wp:term":[{"taxonomy":"category","embeddable":true,"href":"https:\/\/tvbelas.com\/tvbelas\/wp-json\/wp\/v2\/categories?post=6134"},{"taxonomy":"post_tag","embeddable":true,"href":"https:\/\/tvbelas.com\/tvbelas\/wp-json\/wp\/v2\/tags?post=6134"}],"curies":[{"name":"wp","href":"https:\/\/api.w.org\/{rel}","templated":true}]}}