{"id":6157,"date":"2021-06-18T20:37:34","date_gmt":"2021-06-18T19:37:34","guid":{"rendered":"http:\/\/tvbelas.com\/tvbelas\/?p=6157"},"modified":"2021-06-18T20:37:34","modified_gmt":"2021-06-18T19:37:34","slug":"a-vida-tv-encerra-e-deixa-mais-de-300-profissionais-ao-desemprego","status":"publish","type":"post","link":"https:\/\/tvbelas.com\/tvbelas\/noticias\/sociedade\/a-vida-tv-encerra-e-deixa-mais-de-300-profissionais-ao-desemprego\/","title":{"rendered":"A VIDA TV, ENCERRA E DEIXA MAIS DE 300 PROFISSIONAIS AO DESEMPREGO"},"content":{"rendered":"<p>A Vida TV, um dos canais suspensos desde abril pelo governo angolano por &#8220;inconformidades&#8221; fecha portas no final de julho, deixando no desemprego mais de 300 profissionais, depois do an\u00fancio da rescis\u00e3o do contrato com a DSTV.<\/p>\n<p>A dire\u00e7\u00e3o da empresa comunicou a decis\u00e3o internamente aos seus colaboradores na quinta-feira, depois de ter recebido a notifica\u00e7\u00e3o da operadora sul-africana, que rescindiu o contrato por incumprimento, segundo uma fonte ligada ao canal.<\/p>\n<p>Tchiz\u00e9 dos Santos, foi uma das investidoras iniciais do canal, mas de acordo com uma fonte contactada pela a Lusa, que pediu para n\u00e3o ser identificada, a filha do ex-presidente Jos\u00e9 Eduardo dos Santos foi convidada a sair do projeto poucos meses depois do in\u00edcio da opera\u00e7\u00e3o, &#8220;por causa dos seus interesses pessoais e pol\u00edticos&#8221;.<\/p>\n<p>&#8220;Nunca tivemos nenhuma contribui\u00e7\u00e3o da senhora, nunca ningu\u00e9m a viu por aqui e ningu\u00e9m estava a trabalhar sob a sua orienta\u00e7\u00e3o ou agenda, basta olhar para o conte\u00fado produzido. Mas fic\u00e1mos pelo caminho por causa dessa infeliz associa\u00e7\u00e3o&#8221;, disse a fonte, sublinhando que &#8220;quem aqui est\u00e1 [na Vida TV], s\u00f3 queria trabalhar, n\u00e3o quer saber de pol\u00edtica&#8221;.<\/p>\n<p>No dia 21 de abril, o governo angolano suspendeu os canais Record TV \u00c1frica, ZAP Viva e Vida TV, medida justificada com &#8220;inconformidades legais&#8221;, deixando tamb\u00e9m suspensos os registos provis\u00f3rios dos jornais, revistas, p\u00e1ginas web (site) de not\u00edcias e esta\u00e7\u00f5es de r\u00e1dio sem atividade efetiva nos \u00faltimos dois anos, cuja lista nunca foi divulgada.<\/p>\n<p>No caso da Record TV \u00c1frica, detida pela Igreja Universal do Reino de Deus (IURD) envolvida em v\u00e1rias pol\u00e9micas e processos judiciais em Angola, o Minist\u00e9rio das Telecomunica\u00e7\u00f5es, Tecnologias de Informa\u00e7\u00e3o e Comunica\u00e7\u00e3o Social (MINTTICS) alegou que a empresa tinha como diretor executivo um cidad\u00e3o estrangeiro, bem como jornalistas estrangeiros que n\u00e3o estavam acreditados nem credenciados no Centro de Imprensa An\u00edbal de Melo.<\/p>\n<p>Por outro lado, as empresas fornecedoras de televis\u00e3o por assinatura, nomeadamente, a TV CABO S.A, a DSTV ANGOLA, SA, a FINSTAR &#8212; detentora da ZAP TV, da empres\u00e1ria e tamb\u00e9m filha do anterior presidente angolano, Isabel dos Santos, est\u00e3o devidamente legalizadas, mas &#8220;distribuem os canais ZAP Viva, Vida TV e Rede Record sem o registo para o exerc\u00edcio da atividade de televis\u00e3o em Angola&#8221;, o que determinou a suspens\u00e3o.<\/p>\n<p>Na altura, o MINTTICS disse que a sua atua\u00e7\u00e3o visava permitir ajustar o processo de atribui\u00e7\u00e3o do t\u00edtulo de registo definitivo do exerc\u00edcio da atividade \u00e0s empresas de comunica\u00e7\u00e3o social e n\u00e3o deu mais explica\u00e7\u00f5es at\u00e9 \u00e0 data.<\/p>\n<p>Organiza\u00e7\u00f5es com o Sindicato dos Jornalistas Angolanos e o Instituto para a Comunica\u00e7\u00e3o Social da \u00c1frica Austral (MISA-Angola) manifestaram preocupa\u00e7\u00e3o face a esta decis\u00e3o, por p\u00f4r em causa a pluralidade de informa\u00e7\u00e3o passou a ser veiculada apenas por canais p\u00fablicos, controlados pelo estado angolano, e questionaram as leis invocadas para a suspens\u00e3o.<\/p>\n","protected":false},"excerpt":{"rendered":"<p>A Vida TV, um dos canais suspensos desde abril pelo governo angolano por &#8220;inconformidades&#8221; fecha portas no final de julho, deixando no desemprego mais de 300 profissionais, depois do an\u00fancio da rescis\u00e3o do contrato com a DSTV. A dire\u00e7\u00e3o da empresa comunicou a decis\u00e3o internamente aos seus colaboradores na quinta-feira, depois de ter recebido a [&hellip;]<\/p>\n","protected":false},"author":1,"featured_media":6159,"comment_status":"open","ping_status":"open","sticky":false,"template":"","format":"standard","meta":{"footnotes":""},"categories":[15],"tags":[],"class_list":{"0":"post-6157","1":"post","2":"type-post","3":"status-publish","4":"format-standard","5":"has-post-thumbnail","7":"category-sociedade"},"amp_enabled":true,"_links":{"self":[{"href":"https:\/\/tvbelas.com\/tvbelas\/wp-json\/wp\/v2\/posts\/6157","targetHints":{"allow":["GET"]}}],"collection":[{"href":"https:\/\/tvbelas.com\/tvbelas\/wp-json\/wp\/v2\/posts"}],"about":[{"href":"https:\/\/tvbelas.com\/tvbelas\/wp-json\/wp\/v2\/types\/post"}],"author":[{"embeddable":true,"href":"https:\/\/tvbelas.com\/tvbelas\/wp-json\/wp\/v2\/users\/1"}],"replies":[{"embeddable":true,"href":"https:\/\/tvbelas.com\/tvbelas\/wp-json\/wp\/v2\/comments?post=6157"}],"version-history":[{"count":0,"href":"https:\/\/tvbelas.com\/tvbelas\/wp-json\/wp\/v2\/posts\/6157\/revisions"}],"wp:featuredmedia":[{"embeddable":true,"href":"https:\/\/tvbelas.com\/tvbelas\/wp-json\/"}],"wp:attachment":[{"href":"https:\/\/tvbelas.com\/tvbelas\/wp-json\/wp\/v2\/media?parent=6157"}],"wp:term":[{"taxonomy":"category","embeddable":true,"href":"https:\/\/tvbelas.com\/tvbelas\/wp-json\/wp\/v2\/categories?post=6157"},{"taxonomy":"post_tag","embeddable":true,"href":"https:\/\/tvbelas.com\/tvbelas\/wp-json\/wp\/v2\/tags?post=6157"}],"curies":[{"name":"wp","href":"https:\/\/api.w.org\/{rel}","templated":true}]}}