{"id":6268,"date":"2021-06-22T07:29:09","date_gmt":"2021-06-22T06:29:09","guid":{"rendered":"http:\/\/tvbelas.com\/tvbelas\/?p=6268"},"modified":"2021-06-22T07:29:09","modified_gmt":"2021-06-22T06:29:09","slug":"a-justica-brasileira-absolveu-nesta-segunda-feira-o-ex-presidente-do-brasil-lula-da-silva","status":"publish","type":"post","link":"https:\/\/tvbelas.com\/tvbelas\/noticias\/internacional\/a-justica-brasileira-absolveu-nesta-segunda-feira-o-ex-presidente-do-brasil-lula-da-silva\/","title":{"rendered":"A JUSTI\u00c7A BRASILEIRA ABSOLVEU NESTA SEGUNDA-FEIRA, O EX-PRESIDENTE DO BRASIL LULA DA SILVA"},"content":{"rendered":"<p>&#8220;Embora existam elementos que demonstrem a actua\u00e7\u00e3o por parte da empresa de Mauro Marcondes, no que se refere \u00e0 prorroga\u00e7\u00e3o de benef\u00edcios fiscais \u00e0s empresas Caoa e MMC, n\u00e3o h\u00e1 evid\u00eancias apropriadas e nem sequer minimamente aptas a demonstrar a exist\u00eancia de ajuste il\u00edcito entre os r\u00e9us para fins de repasse de valores em favor de Lula e Gilberto Carvalho&#8221;, concluiu o juiz Frederico Viana, da 10.\u00aa Vara Criminal da Justi\u00e7a Federal em Bras\u00edlia.<\/p>\n<p>A acusa\u00e7\u00e3o contra Lula teve origem na opera\u00e7\u00e3o Zelotes e foi feita pelo Minist\u00e9rio P\u00fablico Federal (MPF) em 2017.<\/p>\n<p>Segundo a acusa\u00e7\u00e3o, a empresa Marcondes e Mautoni Empreendimentos, que representava a Caoa (Hyundai) e MMC (Mitsubishi do Brasil), teria oferecido seis milh\u00f5es de reais (1 milh\u00e3o de euros, no c\u00e2mbio actual) a Lula e a Carvalho em troca da edi\u00e7\u00e3o de uma medida provis\u00f3ria que prorrogou incentivos fiscais a empresas de produ\u00e7\u00e3o autom\u00f3vel instaladas nas regi\u00f5es norte, nordeste e centro-oeste do pa\u00eds.<\/p>\n<p>Nesse \u00e2mbito, foram acusados de corrup\u00e7\u00e3o Lula da Silva, o ex-ministro e o seu ex-chefe de gabinete Gilberto Carvalho, o ex-conselheiro do conselho administrativo da Receita Federal Jos\u00e9 Ricardo da Silva, o lobista Alexandre Paes dos Santos, o ex-presidente da MMC &#8211; Mitsubishi Paulo Arantes Ferraz, o empres\u00e1rio Mauro Marcondes Machado e o empres\u00e1rio do Grupo Caoa Carlos Alberto Andrade.<\/p>\n<p>O juiz atendeu assim ao pedido do MPF, que, nas alega\u00e7\u00f5es finais apresentadas no m\u00eas passado, concluiu n\u00e3o haver provas e pediu a absolvi\u00e7\u00e3o do ex-presidente e dos demais acusados no caso.<\/p>\n<p>&#8220;Ante o exposto, julgo improcedentes os pedidos formulados na pe\u00e7a acusat\u00f3ria e absolvo os acusados dos crimes a eles imputados nos autos desta ac\u00e7\u00e3o penal&#8221;, decidiu o juiz Frederico Viana.<\/p>\n<p>Lula da Silva est\u00e1 ainda a acusado numa outra ac\u00e7\u00e3o da opera\u00e7\u00e3o Zelotes, que investiga se ocorreram irregularidades na compra de ca\u00e7as suecos durante o Governo de Dilma Rousseff.<\/p>\n<p>Neste processo, o ex-chefe de Estado brasileiro e o seu filho Lu\u00eds Cl\u00e1udio Lula da Silva s\u00e3o acusados de integrar um esquema de tr\u00e1fico de influ\u00eancias para viabilizar a compra de 36 ca\u00e7as suecos do modelo Gripen e de influenciar a decis\u00e3o de prorrogar incentivos fiscais a pedido de empresas.<\/p>\n<p>Lula da Silva recuperou os seus direitos pol\u00edticos este ano, ap\u00f3s o Supremo Tribunal Federal anular as suas condena\u00e7\u00f5es no \u00e2mbito da opera\u00e7\u00e3o Lava Jato, em Curitiba.<\/p>\n<p>Desta forma, ficaram sem efeito as penas acumuladas de 26 anos que pesavam sobre o antigo presidente, por condena\u00e7\u00f5es por corrup\u00e7\u00e3o, que j\u00e1 admitiu a possibilidade de concorrer \u00e0s presidenciais de 2022.<\/p>\n<p>Lula da Silva, de 75 anos, n\u00e3o conseguiu concorrer \u00e0s elei\u00e7\u00f5es de 2018 precisamente porque j\u00e1 estava condenado na ocasi\u00e3o. O antigo chefe de Estado chegou a passar um ano e sete meses na pris\u00e3o, at\u00e9 ser libertado em Novembro de 2019.<\/p>\n<p>Apesar de as condena\u00e7\u00f5es de Lula da Silva terem sido anuladas e de voltar a estar eleg\u00edvel, isso n\u00e3o significa que o ex-sindicalista metal\u00fargico tenha sido inocentado j\u00e1 que os casos ser\u00e3o remetidos para a justi\u00e7a do Distrito Federal, que os vai reavaliar e pode receber novamente as den\u00fancias e reiniciar os processos anulados.<\/p>\n","protected":false},"excerpt":{"rendered":"<p>&#8220;Embora existam elementos que demonstrem a actua\u00e7\u00e3o por parte da empresa de Mauro Marcondes, no que se refere \u00e0 prorroga\u00e7\u00e3o de benef\u00edcios fiscais \u00e0s empresas Caoa e MMC, n\u00e3o h\u00e1 evid\u00eancias apropriadas e nem sequer minimamente aptas a demonstrar a exist\u00eancia de ajuste il\u00edcito entre os r\u00e9us para fins de repasse de valores em favor [&hellip;]<\/p>\n","protected":false},"author":1,"featured_media":6270,"comment_status":"open","ping_status":"open","sticky":false,"template":"","format":"standard","meta":{"footnotes":""},"categories":[22],"tags":[],"class_list":{"0":"post-6268","1":"post","2":"type-post","3":"status-publish","4":"format-standard","5":"has-post-thumbnail","7":"category-internacional"},"amp_enabled":true,"_links":{"self":[{"href":"https:\/\/tvbelas.com\/tvbelas\/wp-json\/wp\/v2\/posts\/6268","targetHints":{"allow":["GET"]}}],"collection":[{"href":"https:\/\/tvbelas.com\/tvbelas\/wp-json\/wp\/v2\/posts"}],"about":[{"href":"https:\/\/tvbelas.com\/tvbelas\/wp-json\/wp\/v2\/types\/post"}],"author":[{"embeddable":true,"href":"https:\/\/tvbelas.com\/tvbelas\/wp-json\/wp\/v2\/users\/1"}],"replies":[{"embeddable":true,"href":"https:\/\/tvbelas.com\/tvbelas\/wp-json\/wp\/v2\/comments?post=6268"}],"version-history":[{"count":0,"href":"https:\/\/tvbelas.com\/tvbelas\/wp-json\/wp\/v2\/posts\/6268\/revisions"}],"wp:featuredmedia":[{"embeddable":true,"href":"https:\/\/tvbelas.com\/tvbelas\/wp-json\/"}],"wp:attachment":[{"href":"https:\/\/tvbelas.com\/tvbelas\/wp-json\/wp\/v2\/media?parent=6268"}],"wp:term":[{"taxonomy":"category","embeddable":true,"href":"https:\/\/tvbelas.com\/tvbelas\/wp-json\/wp\/v2\/categories?post=6268"},{"taxonomy":"post_tag","embeddable":true,"href":"https:\/\/tvbelas.com\/tvbelas\/wp-json\/wp\/v2\/tags?post=6268"}],"curies":[{"name":"wp","href":"https:\/\/api.w.org\/{rel}","templated":true}]}}