{"id":6321,"date":"2021-06-23T07:56:37","date_gmt":"2021-06-23T06:56:37","guid":{"rendered":"http:\/\/tvbelas.com\/tvbelas\/?p=6321"},"modified":"2021-06-23T07:56:37","modified_gmt":"2021-06-23T06:56:37","slug":"sessenta-e-duas-caixas-de-peixe-sardinha-congelado-foram-apreendidas-na-provincia-do-zaire-pela-policia-fiscal-aduaneira","status":"publish","type":"post","link":"https:\/\/tvbelas.com\/tvbelas\/noticias\/sociedade\/sessenta-e-duas-caixas-de-peixe-sardinha-congelado-foram-apreendidas-na-provincia-do-zaire-pela-policia-fiscal-aduaneira\/","title":{"rendered":"SESSENTA E DUAS CAIXAS DE PEIXE SARDINHA CONGELADO FORAM APREENDIDAS NA PROV\u00cdNCIA DO ZAIRE, PELA POL\u00cdCIA FISCAL ADUANEIRA."},"content":{"rendered":"<p>A apreens\u00e3o, por presum\u00edvel contrabando de mercadorias, ocorreu por vias clandestinas, quando duas motorizadas de tr\u00eas rodas carregadas do pescado em direc\u00e7\u00e3o \u00e0 RDC foram interceptadas pelos efectivos da Pol\u00edcia Fiscal Aduaneira em servi\u00e7o de patrulha.<\/p>\n<p>Segundo um comunicado da corpora\u00e7\u00e3o a que a TV BELAS teve acesso esta ter\u00e7a-feira, na sequ\u00eancia desta opera\u00e7\u00e3o, foi detido um suposto infractor, que de imediato foi entregue ao Minist\u00e9rio P\u00fablico para julgamento sum\u00e1rio no Tribunal provincial do zaire.<\/p>\n<p>A mercadoria, acrescenta a nota, foi entregue \u00e0 Administra\u00e7\u00e3o Geral Tribut\u00e1ria (AGT) para a tramita\u00e7\u00e3o que se imp\u00f5e.<\/p>\n<p>Esta \u00e9 a segunda apreens\u00e3o do pescado que a pol\u00edcia fiscal aduaneira procede na comuna do Luvo este m\u00eas. A primeira ocorreu no passado dia 10, tendo sido apreendidas 2.200 caixas de peixe carapau congelado.<\/p>\n","protected":false},"excerpt":{"rendered":"<p>A apreens\u00e3o, por presum\u00edvel contrabando de mercadorias, ocorreu por vias clandestinas, quando duas motorizadas de tr\u00eas rodas carregadas do pescado em direc\u00e7\u00e3o \u00e0 RDC foram interceptadas pelos efectivos da Pol\u00edcia Fiscal Aduaneira em servi\u00e7o de patrulha. Segundo um comunicado da corpora\u00e7\u00e3o a que a TV BELAS teve acesso esta ter\u00e7a-feira, na sequ\u00eancia desta opera\u00e7\u00e3o, foi [&hellip;]<\/p>\n","protected":false},"author":1,"featured_media":6323,"comment_status":"open","ping_status":"open","sticky":false,"template":"","format":"standard","meta":{"footnotes":""},"categories":[15],"tags":[],"class_list":{"0":"post-6321","1":"post","2":"type-post","3":"status-publish","4":"format-standard","5":"has-post-thumbnail","7":"category-sociedade"},"amp_enabled":true,"_links":{"self":[{"href":"https:\/\/tvbelas.com\/tvbelas\/wp-json\/wp\/v2\/posts\/6321","targetHints":{"allow":["GET"]}}],"collection":[{"href":"https:\/\/tvbelas.com\/tvbelas\/wp-json\/wp\/v2\/posts"}],"about":[{"href":"https:\/\/tvbelas.com\/tvbelas\/wp-json\/wp\/v2\/types\/post"}],"author":[{"embeddable":true,"href":"https:\/\/tvbelas.com\/tvbelas\/wp-json\/wp\/v2\/users\/1"}],"replies":[{"embeddable":true,"href":"https:\/\/tvbelas.com\/tvbelas\/wp-json\/wp\/v2\/comments?post=6321"}],"version-history":[{"count":0,"href":"https:\/\/tvbelas.com\/tvbelas\/wp-json\/wp\/v2\/posts\/6321\/revisions"}],"wp:featuredmedia":[{"embeddable":true,"href":"https:\/\/tvbelas.com\/tvbelas\/wp-json\/"}],"wp:attachment":[{"href":"https:\/\/tvbelas.com\/tvbelas\/wp-json\/wp\/v2\/media?parent=6321"}],"wp:term":[{"taxonomy":"category","embeddable":true,"href":"https:\/\/tvbelas.com\/tvbelas\/wp-json\/wp\/v2\/categories?post=6321"},{"taxonomy":"post_tag","embeddable":true,"href":"https:\/\/tvbelas.com\/tvbelas\/wp-json\/wp\/v2\/tags?post=6321"}],"curies":[{"name":"wp","href":"https:\/\/api.w.org\/{rel}","templated":true}]}}