{"id":6413,"date":"2021-06-26T21:04:31","date_gmt":"2021-06-26T20:04:31","guid":{"rendered":"http:\/\/tvbelas.com\/tvbelas\/?p=6413"},"modified":"2021-06-26T21:04:31","modified_gmt":"2021-06-26T20:04:31","slug":"semana-olimpica-em-angola-encerrou-com-festival-desportivo-em-luanda-e-marcha-olimpica-no-kuito-bie","status":"publish","type":"post","link":"https:\/\/tvbelas.com\/tvbelas\/noticias\/desporto\/semana-olimpica-em-angola-encerrou-com-festival-desportivo-em-luanda-e-marcha-olimpica-no-kuito-bie\/","title":{"rendered":"SEMANA OLIMPICA EM ANGOLA ENCERROU COM FESTIVAL DESPORTIVO EM LUANDA E MARCHA OLIMPICA NO KUITO, BI\u00c9."},"content":{"rendered":"<p>O Comit\u00e9 Ol\u00edmpico Angolano (COA) manteve a tradi\u00e7\u00e3o, de celebrar o dia do Olimpismo, assinalado no passado dia 23 de Junho, realizando actividades\u00a0 desportivas, cujo ponto mais alto foi a \u201cmarcha\u00a0 ol\u00edmpica\u201d realizada este s\u00e1bado, na cidade\u00a0 no Kuito, Prov\u00edncia do Bi\u00e9.<\/p>\n<p>Em L uanda, um Festival Desportivo alusivo a Semana olimpica\u00a0 realizou-se na manha deste s\u00e1bado no Largo do Cine Sao Jo\u00e3o, no bairro Popular\u00a0 com a participa\u00e7\u00e3o de cerca de 300 crian\u00e7as\u00a0 de varias modalidades da Escola Macovi Sport clube ligada aos desportos nas comunidades psara o combate a delinqu\u00eancia juvenil .<\/p>\n<p>A escola Macovi\u00a0 esteve presente nas modalidades de xadrez, karat\u00e9, judo, ciclismo, basquetebol, andebol, jijutsi, t\u00e9nis de Mesa e Capoeira.<\/p>\n<p>O evento enquadra-se nas comemora\u00e7\u00f5es alusivas ao Dia da Crian\u00e7a Africana, assinalado a 16 do corrente, e ao Dia\u00a0 Internacional do Olimpismo, institu\u00edda em homenagem \u00e0 cria\u00e7\u00e3o do Comit\u00e9 Ol\u00edmpico Internacional, pelo bar\u00e3o Pierre de Coubertin, aristocrata franc\u00eas.<\/p>\n<p>A prop\u00f3sito,\u00a0 a judoca do 1\u00ba de Agosto Diassonema Neide, da categoria de -57 kg, viu oficialmente confirmada a sua participa\u00e7\u00e3o nos Jogos Ol\u00edmpicos a ter lugar de 23 de Julho a 8 de Agosto em T\u00f3quio (Jap\u00e3o), sendo a \u00fanica da modalidade a integrar a delega\u00e7\u00e3o angolana ao evento.<\/p>\n<p>A trig\u00e9sima s\u00e9tima posicionada do ranking mundial com 1.657 pontos, figura na lista de 20 judocas africanos, em ambos os sexos, que se qualificaram para o evento de T\u00f3quio, confirmados quinta-feira pelo Comit\u00e9 Ol\u00edmpico Internacional.<\/p>\n<p>At\u00e9 ent\u00e3o, ao n\u00edvel do judo, Angola tem participado nos Jogos Ol\u00edmpicos apenas com a ex-atleta Faya, cuja \u00faltima presen\u00e7a ocorreu em 2016, na edi\u00e7\u00e3o do Rio de Janeiro, depois de ter competido em Beiging (2008) e Londres (2012).<\/p>\n<p>Al\u00e9m desta modalidade de combate, Angola vai participar nos Jogos Ol\u00edmpicos com o andebol s\u00e9nior feminino, atletismo, nata\u00e7\u00e3o e vela.<\/p>\n<p>O basquetebol s\u00e9nior masculino procura o apuramento a partir de dia 29 pr\u00f3ximo, no torneio pr\u00e9-ol\u00edmpico, a disputar-se na Litu\u00e2nia.<\/p>\n<p>O extremo Leonel Paulo, do Petro de Luanda, ser\u00e1 a grande baixa, por les\u00e3o, prova em\u00a0 Angola defronta as cong\u00e9neres da Pol\u00f3nia e Eslov\u00e9nia.<\/p>\n","protected":false},"excerpt":{"rendered":"<p>O Comit\u00e9 Ol\u00edmpico Angolano (COA) manteve a tradi\u00e7\u00e3o, de celebrar o dia do Olimpismo, assinalado no passado dia 23 de Junho, realizando actividades\u00a0 desportivas, cujo ponto mais alto foi a \u201cmarcha\u00a0 ol\u00edmpica\u201d realizada este s\u00e1bado, na cidade\u00a0 no Kuito, Prov\u00edncia do Bi\u00e9. Em L uanda, um Festival Desportivo alusivo a Semana olimpica\u00a0 realizou-se na manha [&hellip;]<\/p>\n","protected":false},"author":1,"featured_media":6422,"comment_status":"open","ping_status":"open","sticky":false,"template":"","format":"gallery","meta":{"footnotes":""},"categories":[19],"tags":[],"class_list":{"0":"post-6413","1":"post","2":"type-post","3":"status-publish","4":"format-gallery","5":"has-post-thumbnail","7":"category-desporto","8":"post_format-post-format-gallery"},"amp_enabled":true,"_links":{"self":[{"href":"https:\/\/tvbelas.com\/tvbelas\/wp-json\/wp\/v2\/posts\/6413","targetHints":{"allow":["GET"]}}],"collection":[{"href":"https:\/\/tvbelas.com\/tvbelas\/wp-json\/wp\/v2\/posts"}],"about":[{"href":"https:\/\/tvbelas.com\/tvbelas\/wp-json\/wp\/v2\/types\/post"}],"author":[{"embeddable":true,"href":"https:\/\/tvbelas.com\/tvbelas\/wp-json\/wp\/v2\/users\/1"}],"replies":[{"embeddable":true,"href":"https:\/\/tvbelas.com\/tvbelas\/wp-json\/wp\/v2\/comments?post=6413"}],"version-history":[{"count":0,"href":"https:\/\/tvbelas.com\/tvbelas\/wp-json\/wp\/v2\/posts\/6413\/revisions"}],"wp:featuredmedia":[{"embeddable":true,"href":"https:\/\/tvbelas.com\/tvbelas\/wp-json\/"}],"wp:attachment":[{"href":"https:\/\/tvbelas.com\/tvbelas\/wp-json\/wp\/v2\/media?parent=6413"}],"wp:term":[{"taxonomy":"category","embeddable":true,"href":"https:\/\/tvbelas.com\/tvbelas\/wp-json\/wp\/v2\/categories?post=6413"},{"taxonomy":"post_tag","embeddable":true,"href":"https:\/\/tvbelas.com\/tvbelas\/wp-json\/wp\/v2\/tags?post=6413"}],"curies":[{"name":"wp","href":"https:\/\/api.w.org\/{rel}","templated":true}]}}