{"id":6423,"date":"2021-06-26T21:39:26","date_gmt":"2021-06-26T20:39:26","guid":{"rendered":"http:\/\/tvbelas.com\/tvbelas\/?p=6423"},"modified":"2021-06-26T21:39:26","modified_gmt":"2021-06-26T20:39:26","slug":"manuel-fernandes-e-adalberto-costa-junior-dialogaram-nesta-sexta-feira-sobre-o-pais-politico-em-ano-de-pre-campanha-eleitoral","status":"publish","type":"post","link":"https:\/\/tvbelas.com\/tvbelas\/noticias\/politica-angola\/manuel-fernandes-e-adalberto-costa-junior-dialogaram-nesta-sexta-feira-sobre-o-pais-politico-em-ano-de-pre-campanha-eleitoral\/","title":{"rendered":"MANUEL FERNANDES E ADALBERTO COSTA J\u00daNIOR DIALOGARAM NESTA SEXTA-FEIRA, SOBRE O PA\u00cdS POL\u00cdTICO, EM ANO DE PR\u00c9-CAMPANHA ELEITORAL"},"content":{"rendered":"<p>No \u00e2mbito do estreitamento da rela\u00e7\u00e3o institucional que se imp\u00f5e estabelecer com todas as for\u00e7as vivas, comprometidas com a constru\u00e7\u00e3o e consolida\u00e7\u00e3o do Estado democr\u00e1tico e de direito, em Angola, o Presidente da Converg\u00eancia Ampla de Salva\u00e7\u00e3o de Angola-Coliga\u00e7\u00e3o Eleitoral (CASA-CE), Dr. Manuel Fernandes manteve hoje, sexta-feira, 25, encontro com o L\u00edder da UNITA, engenheiro Adalberto Costa J\u00fanior com quem abordou sobre quest\u00f5es relativas \u00e0 situa\u00e7\u00e3o social, econ\u00f3mica e pol\u00edtica do pa\u00eds.<\/p>\n<p>Com os olhos fito no processo democr\u00e1tico, Manuel Fernandes e Adalberto Costa J\u00fanior passaram em revista o pa\u00eds real, durante cerca de uma hora, com relativa incid\u00eancia \u00e0s quest\u00f5es de natureza pol\u00edtica, com destaque para o processo \u00e0 volta das pr\u00f3ximas elei\u00e7\u00f5es gerais, uma mat\u00e9ria que consumiu parte consider\u00e1vel do tempo.<\/p>\n<p>Em sede da conversa mantida sob manto de elevado patriotismo e sentido de Estado, entre os dois principais l\u00edderes na Oposi\u00e7\u00e3o, ficou expresso o engajamento das duas for\u00e7as pol\u00edticas, atrav\u00e9s das suas lideran\u00e7as, no sentido de aperfei\u00e7oarem os mecanismos de defesa e controlo do voto, tido como o processo mais ingente, complexo e sens\u00edvel para Oposi\u00e7\u00e3o angolana, que se esmera a fundo, visando operar a t\u00e3o almejada altern\u00e2ncia pol\u00edtica, no pa\u00eds.<\/p>\n<p>\u00c0s portas das elei\u00e7\u00f5es gerais, apontadas para 2022, a CASA-CE prepara-se para concorrer enquanto Coliga\u00e7\u00e3o Eleitoral, composta por 6 Partido pol\u00edticos, sendo que a UNITA dever\u00e1 concorrer contando, conforme fez saber Adalberto Costa J\u00fanior, com a integra\u00e7\u00e3o de v\u00e1rios outros actores na sua lista de candidatos a deputados.<\/p>\n<p>Esta foi a primeira vez que Manuel Fernandes, L\u00edder da terceira maior for\u00e7a pol\u00edtica em Angola e Adalberto Costa J\u00fanior, o 1 n\u00famero da segunda maior for\u00e7a pol\u00edtica angolana sentaram \u00e0 mesma mesa para reflectir sobre o pa\u00eds real, em ano de pr\u00e9-campanha eleitoral.<\/p>\n","protected":false},"excerpt":{"rendered":"<p>No \u00e2mbito do estreitamento da rela\u00e7\u00e3o institucional que se imp\u00f5e estabelecer com todas as for\u00e7as vivas, comprometidas com a constru\u00e7\u00e3o e consolida\u00e7\u00e3o do Estado democr\u00e1tico e de direito, em Angola, o Presidente da Converg\u00eancia Ampla de Salva\u00e7\u00e3o de Angola-Coliga\u00e7\u00e3o Eleitoral (CASA-CE), Dr. Manuel Fernandes manteve hoje, sexta-feira, 25, encontro com o L\u00edder da UNITA, engenheiro [&hellip;]<\/p>\n","protected":false},"author":1,"featured_media":6425,"comment_status":"open","ping_status":"open","sticky":false,"template":"","format":"standard","meta":{"footnotes":""},"categories":[12],"tags":[],"class_list":{"0":"post-6423","1":"post","2":"type-post","3":"status-publish","4":"format-standard","5":"has-post-thumbnail","7":"category-politica-angola"},"amp_enabled":true,"_links":{"self":[{"href":"https:\/\/tvbelas.com\/tvbelas\/wp-json\/wp\/v2\/posts\/6423","targetHints":{"allow":["GET"]}}],"collection":[{"href":"https:\/\/tvbelas.com\/tvbelas\/wp-json\/wp\/v2\/posts"}],"about":[{"href":"https:\/\/tvbelas.com\/tvbelas\/wp-json\/wp\/v2\/types\/post"}],"author":[{"embeddable":true,"href":"https:\/\/tvbelas.com\/tvbelas\/wp-json\/wp\/v2\/users\/1"}],"replies":[{"embeddable":true,"href":"https:\/\/tvbelas.com\/tvbelas\/wp-json\/wp\/v2\/comments?post=6423"}],"version-history":[{"count":0,"href":"https:\/\/tvbelas.com\/tvbelas\/wp-json\/wp\/v2\/posts\/6423\/revisions"}],"wp:featuredmedia":[{"embeddable":true,"href":"https:\/\/tvbelas.com\/tvbelas\/wp-json\/"}],"wp:attachment":[{"href":"https:\/\/tvbelas.com\/tvbelas\/wp-json\/wp\/v2\/media?parent=6423"}],"wp:term":[{"taxonomy":"category","embeddable":true,"href":"https:\/\/tvbelas.com\/tvbelas\/wp-json\/wp\/v2\/categories?post=6423"},{"taxonomy":"post_tag","embeddable":true,"href":"https:\/\/tvbelas.com\/tvbelas\/wp-json\/wp\/v2\/tags?post=6423"}],"curies":[{"name":"wp","href":"https:\/\/api.w.org\/{rel}","templated":true}]}}