{"id":6511,"date":"2021-06-27T21:00:50","date_gmt":"2021-06-27T20:00:50","guid":{"rendered":"http:\/\/tvbelas.com\/tvbelas\/?p=6511"},"modified":"2021-06-27T21:00:50","modified_gmt":"2021-06-27T20:00:50","slug":"campea-mundial-franca-favorita-frente-a-suica-no-6o-jogo-dos-oitavos-de-final-do-euro-2020","status":"publish","type":"post","link":"https:\/\/tvbelas.com\/tvbelas\/noticias\/desporto\/campea-mundial-franca-favorita-frente-a-suica-no-6o-jogo-dos-oitavos-de-final-do-euro-2020\/","title":{"rendered":"CAMPE\u00c3 MUNDIAL FRAN\u00c7A FAVORITA FRENTE A SUI\u00c7A NO 6\u00ba JOGO DOS OITAVOS DE FINAL DO EURO 2020."},"content":{"rendered":"<p>A Fran\u00e7a defronta a Su\u00ed\u00e7a nos oitavos-de-final do UEFA EURO 2020, em Bucareste, nesta segunda-feira, 28 de Junho, \u00e0s 20h00 (de Angola).<br \/>\nOs campe\u00f5es mundiais deram mostra das suas inten\u00e7\u00f5es ao baterem a Alemanha por 1-0 no primeiro jogo do grupo e acabaram por ficar no topo de grupo dif\u00edcil, apesar dos empates com Hungria e Portugal. Sente-se, no entanto, que esta Fran\u00e7a tem ainda muito para dar, com Paul Pogba a impressionar no meio-campo, Kylian Mbapp\u00e9 a ser uma amea\u00e7a constante e Karim Benzema a encaixar-se perfeitamente no trio de ataque.<br \/>\nNo entanto, quando se trata de jogadores em forma e fazer hist\u00f3ria no EURO, Xherdan Shaqiri est\u00e1 no topo de qualquer lista. O talentoso m\u00e9dio su\u00ed\u00e7o evocou as mem\u00f3rias do seu fant\u00e1stico golo nos oitavos-de-final contra a Pol\u00f3nia em 2016 durante a vit\u00f3ria decisiva da Su\u00ed\u00e7a, por 3-1, sobre a Turquia. Foi um momento de inspira\u00e7\u00e3o oportuno ap\u00f3s um empate 1-1 com o Pa\u00eds de Gales e uma derrota por 3-0 diante da It\u00e1lia.<br \/>\nA Fran\u00e7a vai tentar manter o seu registo invicto em jogos oficiais frente \u00e0 Su\u00ed\u00e7a quando as duas equipas se encontrarem na Arena Nacional de Bucareste, nos oitavos-de-final do UEFA EURO 2020.<br \/>\n\u2022 O campe\u00e3o mundial terminou no primeiro lugar do Grupo F, apesar de ter ganho apenas um dos tr\u00eas jogos realizados, empatando os outros dois, enquanto a Su\u00ed\u00e7a esteve no Grupo A e qualificou-se como um dos quatro melhores terceiros classificados.<br \/>\n\u2022 O vencedor deste duelo defronta Cro\u00e1cia ou Espanha nos quartos-de-final, em S\u00e3o Petersburgo, a 2 de Julho.<br \/>\nJogos anteriores<br \/>\nEURO 2004: France 3-1 Switzerland<br \/>\n\u2022 O registo da Su\u00ed\u00e7a em 38 jogos com a Fran\u00e7a \u00e9 V12 E10 D16. No entanto, ainda nunca bateu os &#8220;bleus&#8221; em jogos oficiais (E4 D2).<br \/>\n\u2022 O \u00faltimo encontro entre ambos aconteceu na fase de grupos do UEFA EURO 2016, registando-se um empate sem golos na terceira ronda, no Stade Pierre-Mauroy, em Lille. As duas equipas apuraram-se no Grupo A, com a Fran\u00e7a a terminar no primeiro lugar, com sete pontos, e a Su\u00ed\u00e7a no segundo, com cinco.<br \/>\n\u2022 Ap\u00f3s 32 amig\u00e1veis entre 1905 e 2003, o primeiro jogo oficial foi na \u00faltima jornada do UEFA EURO 2004, com a Fran\u00e7a de Jacques Santini a derrotar a Su\u00ed\u00e7a de K\u00f6bi Kuhn por 3-1. Zin\u00e9dine Zidane e Thierry Henry (dois) apontaram os golos gauleses, enquanto o tento de consola\u00e7\u00e3o helv\u00e9tico foi marcado por Johan Vonlanthen, que com isso se tornou no mais jovem marcador em fases finais do EURO, aos 18 anos e 141 dias.<br \/>\n\u2022 Na qualifica\u00e7\u00e3o para o Campeonato do Mundo de 2006 registaram-se dois empates, e as equipas voltaram a encontrar-se na fase final da competi\u00e7\u00e3o, empatando igualmente, em jogo da primeira jornada da fase de grupos realizado em Estugarda.<br \/>\n\u2022 A hist\u00f3ria foi diferente quando se defrontaram na fase de grupos do Campeonato do Mundo de 2014, no Brasil, com a Fran\u00e7a de Didier Deschamps a vencer por 5-2 a Su\u00ed\u00e7a de Ottmar Hitzfeld, com os golos a serem marcados por cinco jogadores diferentes. Olivier Giroud, Karim Benzema e Moussa Sissoko facturaram para os franceses, enquanto Granit Xhaka marcou o \u00faltimo golo da Su\u00ed\u00e7a, \u00e0 beira do fim.<br \/>\nFran\u00e7a &#8211; Equipa prov\u00e1vel: Lloris; Varane, Lenglet, Kimpembe; Pavard, Pogba, Kant\u00e9, Griezmann, Rabiot; Mbapp\u00e9, Benzema.<br \/>\nSu\u00ed\u00e7a &#8211; Equipa prov\u00e1vel: Sommer; Elvedi, Akanji, Rodr\u00edguez; Mbabu, Zakaria, Xhaka, Zuber; Shaqiri; Embolo, Seferovi\u0107<\/p>\n","protected":false},"excerpt":{"rendered":"<p>A Fran\u00e7a defronta a Su\u00ed\u00e7a nos oitavos-de-final do UEFA EURO 2020, em Bucareste, nesta segunda-feira, 28 de Junho, \u00e0s 20h00 (de Angola). Os campe\u00f5es mundiais deram mostra das suas inten\u00e7\u00f5es ao baterem a Alemanha por 1-0 no primeiro jogo do grupo e acabaram por ficar no topo de grupo dif\u00edcil, apesar dos empates com Hungria [&hellip;]<\/p>\n","protected":false},"author":1,"featured_media":6514,"comment_status":"open","ping_status":"open","sticky":false,"template":"","format":"gallery","meta":{"footnotes":""},"categories":[19],"tags":[],"class_list":{"0":"post-6511","1":"post","2":"type-post","3":"status-publish","4":"format-gallery","5":"has-post-thumbnail","7":"category-desporto","8":"post_format-post-format-gallery"},"amp_enabled":true,"_links":{"self":[{"href":"https:\/\/tvbelas.com\/tvbelas\/wp-json\/wp\/v2\/posts\/6511","targetHints":{"allow":["GET"]}}],"collection":[{"href":"https:\/\/tvbelas.com\/tvbelas\/wp-json\/wp\/v2\/posts"}],"about":[{"href":"https:\/\/tvbelas.com\/tvbelas\/wp-json\/wp\/v2\/types\/post"}],"author":[{"embeddable":true,"href":"https:\/\/tvbelas.com\/tvbelas\/wp-json\/wp\/v2\/users\/1"}],"replies":[{"embeddable":true,"href":"https:\/\/tvbelas.com\/tvbelas\/wp-json\/wp\/v2\/comments?post=6511"}],"version-history":[{"count":0,"href":"https:\/\/tvbelas.com\/tvbelas\/wp-json\/wp\/v2\/posts\/6511\/revisions"}],"wp:featuredmedia":[{"embeddable":true,"href":"https:\/\/tvbelas.com\/tvbelas\/wp-json\/"}],"wp:attachment":[{"href":"https:\/\/tvbelas.com\/tvbelas\/wp-json\/wp\/v2\/media?parent=6511"}],"wp:term":[{"taxonomy":"category","embeddable":true,"href":"https:\/\/tvbelas.com\/tvbelas\/wp-json\/wp\/v2\/categories?post=6511"},{"taxonomy":"post_tag","embeddable":true,"href":"https:\/\/tvbelas.com\/tvbelas\/wp-json\/wp\/v2\/tags?post=6511"}],"curies":[{"name":"wp","href":"https:\/\/api.w.org\/{rel}","templated":true}]}}