{"id":6534,"date":"2021-06-28T17:38:50","date_gmt":"2021-06-28T16:38:50","guid":{"rendered":"http:\/\/tvbelas.com\/tvbelas\/?p=6534"},"modified":"2021-06-28T17:38:50","modified_gmt":"2021-06-28T16:38:50","slug":"vice-presidente-do-mpla-luisa-damiao-defende-reforco-da-educacao-ambiental","status":"publish","type":"post","link":"https:\/\/tvbelas.com\/tvbelas\/noticias\/politica-angola\/vice-presidente-do-mpla-luisa-damiao-defende-reforco-da-educacao-ambiental\/","title":{"rendered":"VICE-PRESIDENTE DO MPLA, LU\u00cdSA DAMI\u00c3O DEFENDE REFOR\u00c7O DA EDUCA\u00c7\u00c3O AMBIENTAL"},"content":{"rendered":"<p>Lu\u00edsa Dami\u00e3o defendeu nesta segunda-feira (28), em Luanda, o refor\u00e7o da educa\u00e7\u00e3o ambiental nos curr\u00edculos das escolas p\u00fablicas e privadas, com vista a incutir nas crian\u00e7as e jovens valores que fundamentam comportamentos apropriados \u00e0 preserva\u00e7\u00e3o do meio ambiente.<\/p>\n<p>Segundo A Vice-Presidente do MPLA, Lu\u00edsa Dami\u00e3o H\u00e1 uma dimens\u00e3o social e cultural na matriz ideol\u00f3gica do MPLA que sustenta este compromisso com o povo angolano e que \u00e9 assumido e desempenhado com sentido patri\u00f3tico desde a funda\u00e7\u00e3o do Partido, a 10 de Dezembro de 1956.<\/p>\n<p>Lu\u00edsa Dami\u00e3o, Teceu ainda durante o seu discurso,\u00a0 que o ambiente e a biodiversidade ocupam um papel de destaque na ac\u00e7\u00e3o e no pensamento pol\u00edtico-ideol\u00f3gico do MPLA.<\/p>\n<p>Neste sentido e por forma a avaliar a situa\u00e7\u00e3o do ambiente e a quest\u00e3o dos res\u00edduos em Angola, o Secretariado do Bureau Pol\u00edtico do MPLA promoveu \u00a0este semin\u00e1rio que visa, entre outros, os seguintes objectivos:<\/p>\n<p>Lu\u00edsa Dami\u00e3o, diz que o MPLA pugna por um modelo de desenvolvimento socialmente justo e inclusivo, economicamente equilibrado e democr\u00e1tico e ambientalmente sustent\u00e1vel e partilhado.<\/p>\n<p>Neste contexto, segundo A Vice-Presidente do MPLA Lu\u00edsa Dami\u00e3o, \u00a0o MPLA privilegia uma perspectiva sustent\u00e1vel e progressista, consubstanciada na transversalidade das quest\u00f5es ambientais no planeamento do territ\u00f3rio, no enfoque \u00e0 preserva\u00e7\u00e3o do meio ambiente e dos ecossistemas, na explora\u00e7\u00e3o racional dos recursos naturais e na capitaliza\u00e7\u00e3o do patrim\u00f3nio hist\u00f3rico e tur\u00edstico.<\/p>\n<p>O MPLA considera ainda, fundamental uma perspectiva assente no investimento, na capacita\u00e7\u00e3o t\u00e9cnico-profissional, valoriza\u00e7\u00e3o e dignifica\u00e7\u00e3o do capital humano, sem descurar o interc\u00e2mbio de informa\u00e7\u00f5es, de experi\u00eancias e a promo\u00e7\u00e3o da consci\u00eancia ambiental.<\/p>\n<p>Neste contexto, importa ter em conta pol\u00edticas que advogam a transversalidade da quest\u00e3o do ambiente em todos os sectores econ\u00f3micos e sociais da vida nacional, assim como a articula\u00e7\u00e3o e integra\u00e7\u00e3o sectorial para um melhor alinhamento das pol\u00edticas de desenvolvimento, bem como o adequado uso das fontes de financiamento quer p\u00fabico quer privados, quer provenientes de ag\u00eancias internacionais ou de fundos p\u00fablicos nacionais.<\/p>\n<p>Para a Vice-Presidente do MPLA, a quest\u00e3o dos res\u00edduos s\u00f3lidos \u00e9, reconhecidamente, uma das maiores dores de cabe\u00e7a para a humanidade. A produ\u00e7\u00e3o de lixo e\u0301 inerente \u00e0 pr\u00f3pria vida humana. Todos os processos humanos, desde o mais elementar ao mais complexo, geram res\u00edduos.<\/p>\n<p>Devemos todos contribuir para uma pol\u00edtica nacional de gest\u00e3o de res\u00edduos que seja eficiente e eficaz, sistem\u00e1tica e de qualidade.<\/p>\n<p>O lixo \u00e9 uma quest\u00e3o de seguran\u00e7a nacional, pondo em causa v\u00e1rios sectores da economia e da sociedade.<\/p>\n<p>Para a Vice-Presidente do MPLA , Temos um pa\u00eds aben\u00e7oado. Temos praias maravilhosas e montanhas que ro\u00e7am os c\u00e9us. Temos uma culin\u00e1ria apimentada pelos sabores dos melhores manjares e uma fauna e flora que s\u00e3o aut\u00eanticas r\u00e9plicas das florestas e do mundo animal. Sobretudo fomos bafejados com a maior das gra\u00e7as: o nosso povo, rico na sua diversidade cultural e poderoso na unidade da vontade de construir uma Na\u00e7\u00e3o cada vez mais desenvolvida, democr\u00e1tica e inclusiva.<\/p>\n<p>A aposta no turismo como um dos principais impulsionadores do progresso socio-econ\u00f3mico de Angola s\u00f3 pode ser ganha se tivermos uma perspectiva progressiva de ordenamento do espa\u00e7o marinho e costeiro, se cuidarmos da conserva\u00e7\u00e3o e restaura\u00e7\u00e3o dos ecossistemas dos mares e rios, se tivermos uma legisla\u00e7\u00e3o em que o crime n\u00e3o compense nunca.<\/p>\n<p>A Vice-Presidente do MPLA \u00a0teu Ainda, Temos que ser implac\u00e1veis na aplica\u00e7\u00e3o da lei para n\u00e3o permitir que os mangais sejam violentados, que a desfloresta\u00e7\u00e3o seja terreno f\u00e9rtil para os comerciantes, que a ca\u00e7a furtiva continue impune, para se evitar as queimadas desordenadas e que os peixes e as riquezas marinhas sejam sujeitos \u00e0s piratarias de toda a ordem.<\/p>\n<p>A Vice-Presidente do MPLA \u00a0quando discursava no acto de abertura do semin\u00e1rio sobre Gest\u00e3o Ambiental e Res\u00edduos S\u00f3lidos que teve lugar no Complexo Tur\u00edstico do Futungo II, em Luanda.<\/p>\n","protected":false},"excerpt":{"rendered":"<p>Lu\u00edsa Dami\u00e3o defendeu nesta segunda-feira (28), em Luanda, o refor\u00e7o da educa\u00e7\u00e3o ambiental nos curr\u00edculos das escolas p\u00fablicas e privadas, com vista a incutir nas crian\u00e7as e jovens valores que fundamentam comportamentos apropriados \u00e0 preserva\u00e7\u00e3o do meio ambiente. Segundo A Vice-Presidente do MPLA, Lu\u00edsa Dami\u00e3o H\u00e1 uma dimens\u00e3o social e cultural na matriz ideol\u00f3gica do [&hellip;]<\/p>\n","protected":false},"author":1,"featured_media":6536,"comment_status":"open","ping_status":"open","sticky":false,"template":"","format":"gallery","meta":{"footnotes":""},"categories":[12],"tags":[],"class_list":{"0":"post-6534","1":"post","2":"type-post","3":"status-publish","4":"format-gallery","5":"has-post-thumbnail","7":"category-politica-angola","8":"post_format-post-format-gallery"},"amp_enabled":true,"_links":{"self":[{"href":"https:\/\/tvbelas.com\/tvbelas\/wp-json\/wp\/v2\/posts\/6534","targetHints":{"allow":["GET"]}}],"collection":[{"href":"https:\/\/tvbelas.com\/tvbelas\/wp-json\/wp\/v2\/posts"}],"about":[{"href":"https:\/\/tvbelas.com\/tvbelas\/wp-json\/wp\/v2\/types\/post"}],"author":[{"embeddable":true,"href":"https:\/\/tvbelas.com\/tvbelas\/wp-json\/wp\/v2\/users\/1"}],"replies":[{"embeddable":true,"href":"https:\/\/tvbelas.com\/tvbelas\/wp-json\/wp\/v2\/comments?post=6534"}],"version-history":[{"count":0,"href":"https:\/\/tvbelas.com\/tvbelas\/wp-json\/wp\/v2\/posts\/6534\/revisions"}],"wp:featuredmedia":[{"embeddable":true,"href":"https:\/\/tvbelas.com\/tvbelas\/wp-json\/"}],"wp:attachment":[{"href":"https:\/\/tvbelas.com\/tvbelas\/wp-json\/wp\/v2\/media?parent=6534"}],"wp:term":[{"taxonomy":"category","embeddable":true,"href":"https:\/\/tvbelas.com\/tvbelas\/wp-json\/wp\/v2\/categories?post=6534"},{"taxonomy":"post_tag","embeddable":true,"href":"https:\/\/tvbelas.com\/tvbelas\/wp-json\/wp\/v2\/tags?post=6534"}],"curies":[{"name":"wp","href":"https:\/\/api.w.org\/{rel}","templated":true}]}}