{"id":6671,"date":"2021-06-29T21:49:43","date_gmt":"2021-06-29T20:49:43","guid":{"rendered":"http:\/\/tvbelas.com\/tvbelas\/?p=6671"},"modified":"2021-06-29T21:49:43","modified_gmt":"2021-06-29T20:49:43","slug":"vice-presidente-do-mpla-e-ministra-da-accao-social-familia-e-promocao-da-mulher-homenagearam-as-campeas-africanas-de-andebol","status":"publish","type":"post","link":"https:\/\/tvbelas.com\/tvbelas\/noticias\/desporto\/vice-presidente-do-mpla-e-ministra-da-accao-social-familia-e-promocao-da-mulher-homenagearam-as-campeas-africanas-de-andebol\/","title":{"rendered":"VICE-PRESIDENTE DO MPLA E MINISTRA DA AC\u00c7\u00c3O SOCIAL, FAM\u00cdLIA E PROMO\u00c7\u00c3O DA MULHER HOMENAGEARAM \u00c0S CAMPE\u00c3S AFRICANAS DE ANDEBOL."},"content":{"rendered":"<p>A selec\u00e7\u00e3o s\u00e9nior feminina de andebol continua a celebrar a conquista do 14\u00b0 t\u00edtulo africano, e nesta ter\u00e7a feira foi homenageada pelo Minist\u00e9rio da Ac\u00e7\u00e3o Social, Fam\u00edlia e Promo\u00e7\u00e3o da Mulher.<br \/>\nO acto decorreu , numa unidade hoteleira na Ilha de Luanda e contou com a presen\u00e7a da Ministra da Ac\u00e7\u00e3o Social, Fam\u00edlia e Promo\u00e7\u00e3o da Mulher, Dra Faustina Fernandes Ingl\u00eas De Almeida Alves e do presidente da Federa\u00e7\u00e3o Angolana de Andebol, Jos\u00e9 Joaquim Do Amaral e Silva J\u00fanior.<br \/>\nDepois da recep\u00e7\u00e3o no dia em que as campe\u00e3s regressaram dos Camar\u00f5es, acto realizado no mausol\u00e9u Dr. Agostinho Neto, presidido pela Ministra de Estado para a \u00e1rea social, Carolina Cerqueira, em representa\u00e7\u00e3o do Chefe de Estado Jo\u00e3o Manuel Gon\u00e7alves Louren\u00e7o, outro momentos se t\u00eam registado no quadro das homenagens de v\u00e1rias institui\u00e7\u00f5es e entidades.<br \/>\nO partido MPLA, brindou \u00e1s campe\u00e3s com uma homenagem simb\u00f3lica em que a Vice Presidente Lu\u00edsa Dami\u00e3o foi a anfitri\u00e3, tendo no seu discurso destacado mais esta conquista para o Pa\u00eds.<br \/>\n\u201cEstamos aqui hoje para, mais uma vez, prestar uma singela homenagem \u00e0 capacidade de resili\u00eancia das meninas de ouro do nosso andebol, do Minist\u00e9rio da Juventude e Desporto, da Federa\u00e7\u00e3o Angolana de Andebol, da Equipa T\u00e9cnica e todos os que contribu\u00edram para este feito \u201c disse a Vice presidente do Partido, MPLA.<\/p>\n<p>Lu\u00edsa Dami\u00e3o, prosseguiu dizendo: \u201c A selecc\u00e3o nacional s\u00e9nior feminina de andebol constitui um caso de estudo. Mesmo contra todas as expectativas derivadas da crise econ\u00f3mica e financeira que o nosso pa\u00eds enfrenta, as nossas bravas hero\u00ednas mostraram-nos que \u00e9 preciso sempre acreditar no sucesso e seguir em frente, vislumbrando mesmo em cada derrota uma oportunidade de vencer na pr\u00f3xima esta\u00e7\u00e3o da vida \u201c.<br \/>\n\u201c Na verdade, a hist\u00f3ria da selecc\u00e3o nacional s\u00e9nior feminina de andebol \u00e9 uma hist\u00f3ria de sacrif\u00edcios e de supera\u00e7\u00e3o, provando que muito mais importante do que uma vit\u00f3ria ou uma derrota \u00e9 a pessoa humana que se constr\u00f3i nesta fascinante aventura que \u00e9 o mundo do desporto \u201c.<br \/>\nNum discurso emotivo, a vice Presidente do maiorit\u00e1rio referiu tamb\u00e9m : \u201cHoje fora dos campos, muitas das ex-atletas prestam o seu melhor contributo nos mais diversos sectores da vida nacional: s\u00e3o deputadas e m\u00e9dicas, s\u00e3o professoras e advogadas, est\u00e3o ligadas ao associativismo, enfim s\u00e3o boas esposas e boas cidad\u00e3s \u201c.<br \/>\n\u201cO andebol feminino em Angola \u00e9 uma boa escola de virtudes. Voc\u00eas s\u00e3o a prova evidente de que as mulheres angolanas por excel\u00eancia s\u00e3o determinadas, dedicadas, lutadoras e por isso mesmo grandes vencedoras, conquistando, palmo a palmo, o espa\u00e7o que por direito lhes est\u00e1 reservado na sociedade\u201d.<br \/>\nCar\u00edssimas campe\u00e3s africanas!<br \/>\n\u201cVoc\u00eas s\u00e3o, de facto, motivo de muito orgulho e fonte de inspira\u00e7\u00e3o para as presentes e futuras gera\u00e7\u00f5es de angolanos. Voc\u00eas constituem j\u00e1 um patrim\u00f3nio do povo angolano. Cada uma de voc\u00eas nasceu para jogar andebol e para brilhar. Est\u00e1 escrito no vosso destino serem campe\u00e3s \u201c.<br \/>\n\u201cA conquista do 24o Campeonato Africano de Andebol em Yaound\u00e9, Rep\u00fablica dos Camar\u00f5es, refor\u00e7a o orgulho da nossa angolanidade. S\u00e3o j\u00e1 14 t\u00edtulos que representam o esp\u00edrito de vit\u00f3ria e sentido de entrega do nosso povo \u201c.<br \/>\n\u201cContinuem a n\u00e3o deixar que as dificuldades da vida, que o medo de fracassar constitua factor impeditivo da realiza\u00e7\u00e3o dos vossos sonhos. Apesar das agruras da vida, mantenham sempre viva a chama da vossa esperan\u00e7a. Esforcem-se ao m\u00e1ximo para que os vossos sonhos se tornem realidade. Fa\u00e7am da vida uma oportunidade de conquistas di\u00e1rias\u201d.<br \/>\nPassagens do discurso da vice Presidente do MPLA, Lu\u00edsa Dami\u00e3o, no acto de homenagem a delega\u00e7\u00e3o que conquistou o 14\u00ba t\u00edtulo africano de andebol s\u00e9nior feminino.<\/p>\n","protected":false},"excerpt":{"rendered":"<p>A selec\u00e7\u00e3o s\u00e9nior feminina de andebol continua a celebrar a conquista do 14\u00b0 t\u00edtulo africano, e nesta ter\u00e7a feira foi homenageada pelo Minist\u00e9rio da Ac\u00e7\u00e3o Social, Fam\u00edlia e Promo\u00e7\u00e3o da Mulher. O acto decorreu , numa unidade hoteleira na Ilha de Luanda e contou com a presen\u00e7a da Ministra da Ac\u00e7\u00e3o Social, Fam\u00edlia e Promo\u00e7\u00e3o [&hellip;]<\/p>\n","protected":false},"author":1,"featured_media":6673,"comment_status":"open","ping_status":"open","sticky":false,"template":"","format":"gallery","meta":{"footnotes":""},"categories":[19],"tags":[],"class_list":{"0":"post-6671","1":"post","2":"type-post","3":"status-publish","4":"format-gallery","5":"has-post-thumbnail","7":"category-desporto","8":"post_format-post-format-gallery"},"amp_enabled":true,"_links":{"self":[{"href":"https:\/\/tvbelas.com\/tvbelas\/wp-json\/wp\/v2\/posts\/6671","targetHints":{"allow":["GET"]}}],"collection":[{"href":"https:\/\/tvbelas.com\/tvbelas\/wp-json\/wp\/v2\/posts"}],"about":[{"href":"https:\/\/tvbelas.com\/tvbelas\/wp-json\/wp\/v2\/types\/post"}],"author":[{"embeddable":true,"href":"https:\/\/tvbelas.com\/tvbelas\/wp-json\/wp\/v2\/users\/1"}],"replies":[{"embeddable":true,"href":"https:\/\/tvbelas.com\/tvbelas\/wp-json\/wp\/v2\/comments?post=6671"}],"version-history":[{"count":0,"href":"https:\/\/tvbelas.com\/tvbelas\/wp-json\/wp\/v2\/posts\/6671\/revisions"}],"wp:featuredmedia":[{"embeddable":true,"href":"https:\/\/tvbelas.com\/tvbelas\/wp-json\/"}],"wp:attachment":[{"href":"https:\/\/tvbelas.com\/tvbelas\/wp-json\/wp\/v2\/media?parent=6671"}],"wp:term":[{"taxonomy":"category","embeddable":true,"href":"https:\/\/tvbelas.com\/tvbelas\/wp-json\/wp\/v2\/categories?post=6671"},{"taxonomy":"post_tag","embeddable":true,"href":"https:\/\/tvbelas.com\/tvbelas\/wp-json\/wp\/v2\/tags?post=6671"}],"curies":[{"name":"wp","href":"https:\/\/api.w.org\/{rel}","templated":true}]}}