{"id":6703,"date":"2021-06-30T08:14:09","date_gmt":"2021-06-30T07:14:09","guid":{"rendered":"http:\/\/tvbelas.com\/tvbelas\/?p=6703"},"modified":"2021-06-30T08:14:09","modified_gmt":"2021-06-30T07:14:09","slug":"francisco-pereira-furtado-apela-cumprimento-rigoroso-do-decreto-presidencial-sobre-a-situacao-de-calamidade-publica-por-parte-dos-partidos-politicos-angolanos","status":"publish","type":"post","link":"https:\/\/tvbelas.com\/tvbelas\/noticias\/politica-angola\/francisco-pereira-furtado-apela-cumprimento-rigoroso-do-decreto-presidencial-sobre-a-situacao-de-calamidade-publica-por-parte-dos-partidos-politicos-angolanos\/","title":{"rendered":"FRANCISCO PEREIRA FURTADO APELA CUMPRIMENTO RIGOROSO DO DECRETO PRESIDENCIAL SOBRE A SITUA\u00c7\u00c3O DE CALAMIDADE P\u00daBLICA, POR PARTE DOS PARTIDOS POL\u00cdTICOS ANGOLANOS."},"content":{"rendered":"<p>Segundo Francisco Pereira Furtado, que falava no encontro com representantes de partidos com assento parlamentar, \u00e9 necess\u00e1rio \u00a0redobrar as medidas de biosseguran\u00e7a, o cumprir e fazer cumprir as orienta\u00e7\u00f5es das autoridades sanit\u00e1rias durante a realiza\u00e7\u00e3o das suas actividades.<\/p>\n<p>Francisco Pereira Furtado ressaltou que estes podem ajudar o Executivo a combater \u00e0 Covid-19 ao inv\u00e9s de promoverem ac\u00e7\u00f5es suscept\u00edveis de piorarem a situa\u00e7\u00e3o epidemiol\u00f3gica do pa\u00eds.<\/p>\n<p>\u201cVamos todos arrega\u00e7ar as mangas, unir sinergia e abrir uma nova frente contra a Covid-19, ensinar as popula\u00e7\u00f5es de como usar as m\u00e1scaras, higieniza\u00e7\u00e3o das m\u00e3os e manter o distanciamento f\u00edsico\u201d, refor\u00e7ou.<\/p>\n<p>O respons\u00e1vel lamentou o facto de os partidos pol\u00edticos realizarem actividades que, no essencial, estimulam a dissemina\u00e7\u00e3o e o alastramento do v\u00edrus, desrespeitando o Decreto Presidencial, que pro\u00edbe a realiza\u00e7\u00e3o de actos pol\u00edticos com mais de 50 pessoas, em Luanda, e com mais de 100 no resto do pa\u00eds.<\/p>\n<p>Francisco Pereira Furtado disse, por outro lado, que tem havido um grande esfor\u00e7o do Executivo e do Presidente da Rep\u00fablica na aquisi\u00e7\u00e3o de mais vacinas para a imuniza\u00e7\u00e3o da popula\u00e7\u00e3o e para a cria\u00e7\u00e3o de mais centros de testagem, vacina\u00e7\u00e3o em massa.<\/p>\n<p>Na ocasi\u00e3o, o secret\u00e1rio-geral do MPLA, Paulo Pombolo, disse que o seu partido vai continuar a trabalhar para que os seus militantes n\u00e3o voltem a desrespeitar o Decreto Presidencial, reiterando o compromisso de continuarem a ajudar neste combate.<\/p>\n<p>Por sua vez, o secret\u00e1rio-geral da UNITA, Lazaro Kakunha, frisou que v\u00e3o continuar a persuadir e a ensinar os seus militantes e os cidad\u00e3os em geral para que acatem as medidas de biosseguran\u00e7a.<\/p>\n<p>J\u00e1 o representante da CASA-CE, Alexandre Sebasti\u00e3o Andr\u00e9, explicou que tem induzido os militantes e apoiantes ao uso obrigat\u00f3rio das m\u00e1scaras, distanciamento f\u00edsico, para se evitar a expans\u00e3o do v\u00edrus.<\/p>\n<p>O secret\u00e1rio-geral do PRS, Rui Miguel, saudou a iniciativa, por entender, uma vez, que os partidos pol\u00edticos devem participar na ac\u00e7\u00e3o de preven\u00e7\u00e3o contra a Covid-19, bem como a fazer cumprir o Decreto Presidencial.<\/p>\n","protected":false},"excerpt":{"rendered":"<p>Segundo Francisco Pereira Furtado, que falava no encontro com representantes de partidos com assento parlamentar, \u00e9 necess\u00e1rio \u00a0redobrar as medidas de biosseguran\u00e7a, o cumprir e fazer cumprir as orienta\u00e7\u00f5es das autoridades sanit\u00e1rias durante a realiza\u00e7\u00e3o das suas actividades. Francisco Pereira Furtado ressaltou que estes podem ajudar o Executivo a combater \u00e0 Covid-19 ao inv\u00e9s de [&hellip;]<\/p>\n","protected":false},"author":1,"featured_media":6705,"comment_status":"open","ping_status":"open","sticky":false,"template":"","format":"standard","meta":{"footnotes":""},"categories":[12],"tags":[],"class_list":{"0":"post-6703","1":"post","2":"type-post","3":"status-publish","4":"format-standard","5":"has-post-thumbnail","7":"category-politica-angola"},"amp_enabled":true,"_links":{"self":[{"href":"https:\/\/tvbelas.com\/tvbelas\/wp-json\/wp\/v2\/posts\/6703","targetHints":{"allow":["GET"]}}],"collection":[{"href":"https:\/\/tvbelas.com\/tvbelas\/wp-json\/wp\/v2\/posts"}],"about":[{"href":"https:\/\/tvbelas.com\/tvbelas\/wp-json\/wp\/v2\/types\/post"}],"author":[{"embeddable":true,"href":"https:\/\/tvbelas.com\/tvbelas\/wp-json\/wp\/v2\/users\/1"}],"replies":[{"embeddable":true,"href":"https:\/\/tvbelas.com\/tvbelas\/wp-json\/wp\/v2\/comments?post=6703"}],"version-history":[{"count":0,"href":"https:\/\/tvbelas.com\/tvbelas\/wp-json\/wp\/v2\/posts\/6703\/revisions"}],"wp:featuredmedia":[{"embeddable":true,"href":"https:\/\/tvbelas.com\/tvbelas\/wp-json\/"}],"wp:attachment":[{"href":"https:\/\/tvbelas.com\/tvbelas\/wp-json\/wp\/v2\/media?parent=6703"}],"wp:term":[{"taxonomy":"category","embeddable":true,"href":"https:\/\/tvbelas.com\/tvbelas\/wp-json\/wp\/v2\/categories?post=6703"},{"taxonomy":"post_tag","embeddable":true,"href":"https:\/\/tvbelas.com\/tvbelas\/wp-json\/wp\/v2\/tags?post=6703"}],"curies":[{"name":"wp","href":"https:\/\/api.w.org\/{rel}","templated":true}]}}