{"id":6707,"date":"2021-06-30T08:24:40","date_gmt":"2021-06-30T07:24:40","guid":{"rendered":"http:\/\/tvbelas.com\/tvbelas\/?p=6707"},"modified":"2021-06-30T08:24:40","modified_gmt":"2021-06-30T07:24:40","slug":"sic-devolve-16-viaturas-recuperadas-pelo-ao-governo-provincial-do-zaire","status":"publish","type":"post","link":"https:\/\/tvbelas.com\/tvbelas\/noticias\/sociedade\/sic-devolve-16-viaturas-recuperadas-pelo-ao-governo-provincial-do-zaire\/","title":{"rendered":"SIC DEVOLVE 16 VIATURAS RECUPERADAS PELO AO GOVERNO PROVINCIAL DO ZAIRE."},"content":{"rendered":"<p>Em declara\u00e7\u00f5es \u00e0 imprensa, o director adjunto do SIC no Zaire, Samuel Malulu, explicou que a recupera\u00e7\u00e3o desses meios de transportes resulta de uma orienta\u00e7\u00e3o da Procuradoria-Geral da Rep\u00fablica (PGR) na regi\u00e3o.<\/p>\n<p>\u201cDepois de um despacho do Minist\u00e9rio P\u00fablico, o SIC despoletou os mecanismos operativos que resultaram na apreens\u00e3o dessas viaturas que hoje estamos a entregar ao governo provincial\u201d, explicou.<\/p>\n<p>O respons\u00e1vel pediu aos ex-gestores e funcion\u00e1rios p\u00fablicos que eventualmente tenham ainda em sua posse viaturas adquiridas com fundos p\u00fablicos para que as entreguem de forma volunt\u00e1ria.<\/p>\n<p>O secret\u00e1rio-geral do governo provincial, Jeremias Tim\u00f3teo, agradeceu a ac\u00e7\u00e3o do SIC e disse que os meios recuperados ser\u00e3o distribu\u00eddos aos diversos sectores do aparelho do Estado no Zaire.<\/p>\n<p>Fonte do governo provincial diss, que mais de 80 viaturas adquiridas com fundos p\u00fablicos encontram-se ainda em posse de alguns ex-gestores e funcion\u00e1rios p\u00fablicos.<\/p>\n","protected":false},"excerpt":{"rendered":"<p>Em declara\u00e7\u00f5es \u00e0 imprensa, o director adjunto do SIC no Zaire, Samuel Malulu, explicou que a recupera\u00e7\u00e3o desses meios de transportes resulta de uma orienta\u00e7\u00e3o da Procuradoria-Geral da Rep\u00fablica (PGR) na regi\u00e3o. \u201cDepois de um despacho do Minist\u00e9rio P\u00fablico, o SIC despoletou os mecanismos operativos que resultaram na apreens\u00e3o dessas viaturas que hoje estamos a [&hellip;]<\/p>\n","protected":false},"author":1,"featured_media":6710,"comment_status":"open","ping_status":"open","sticky":false,"template":"","format":"gallery","meta":{"footnotes":""},"categories":[15],"tags":[],"class_list":{"0":"post-6707","1":"post","2":"type-post","3":"status-publish","4":"format-gallery","5":"has-post-thumbnail","7":"category-sociedade","8":"post_format-post-format-gallery"},"amp_enabled":true,"_links":{"self":[{"href":"https:\/\/tvbelas.com\/tvbelas\/wp-json\/wp\/v2\/posts\/6707","targetHints":{"allow":["GET"]}}],"collection":[{"href":"https:\/\/tvbelas.com\/tvbelas\/wp-json\/wp\/v2\/posts"}],"about":[{"href":"https:\/\/tvbelas.com\/tvbelas\/wp-json\/wp\/v2\/types\/post"}],"author":[{"embeddable":true,"href":"https:\/\/tvbelas.com\/tvbelas\/wp-json\/wp\/v2\/users\/1"}],"replies":[{"embeddable":true,"href":"https:\/\/tvbelas.com\/tvbelas\/wp-json\/wp\/v2\/comments?post=6707"}],"version-history":[{"count":0,"href":"https:\/\/tvbelas.com\/tvbelas\/wp-json\/wp\/v2\/posts\/6707\/revisions"}],"wp:featuredmedia":[{"embeddable":true,"href":"https:\/\/tvbelas.com\/tvbelas\/wp-json\/"}],"wp:attachment":[{"href":"https:\/\/tvbelas.com\/tvbelas\/wp-json\/wp\/v2\/media?parent=6707"}],"wp:term":[{"taxonomy":"category","embeddable":true,"href":"https:\/\/tvbelas.com\/tvbelas\/wp-json\/wp\/v2\/categories?post=6707"},{"taxonomy":"post_tag","embeddable":true,"href":"https:\/\/tvbelas.com\/tvbelas\/wp-json\/wp\/v2\/tags?post=6707"}],"curies":[{"name":"wp","href":"https:\/\/api.w.org\/{rel}","templated":true}]}}