{"id":6714,"date":"2021-06-30T19:42:07","date_gmt":"2021-06-30T18:42:07","guid":{"rendered":"http:\/\/tvbelas.com\/tvbelas\/?p=6714"},"modified":"2021-06-30T19:42:07","modified_gmt":"2021-06-30T18:42:07","slug":"a-pandemia-de-covid-19-fez-pelo-menos-3-940-888-mortos-no-mundo-desde-que-o-virus-foi-detectado-na-china","status":"publish","type":"post","link":"https:\/\/tvbelas.com\/tvbelas\/noticias\/internacional\/a-pandemia-de-covid-19-fez-pelo-menos-3-940-888-mortos-no-mundo-desde-que-o-virus-foi-detectado-na-china\/","title":{"rendered":"A PANDEMIA DE COVID-19 FEZ PELO MENOS 3.940.888 MORTOS NO MUNDO DESDE QUE O V\u00cdRUS FOI DETECTADO NA CHINA"},"content":{"rendered":"<p>Mais de 181.755.350 casos de infec\u00e7\u00e3o foram oficialmente diagnosticados desde o in\u00edcio da pandemia.<\/p>\n<p>Os n\u00fameros da AFP baseiam-se em balan\u00e7os di\u00e1rios das autoridades de sa\u00fade de cada pa\u00eds e excluem as revis\u00f5es posteriores de determinados organismos estat\u00edsticos, que indicam um n\u00famero muito superior de \u00f3bitos.<\/p>\n<p>A Organiza\u00e7\u00e3o Mundial de Sa\u00fade (OMS) calcula, tendo em conta o excesso de mortalidade ligada directa e indirectamente \u00e0 covid-19, que o balan\u00e7o da pandemia poder\u00e1 ser duas a tr\u00eas vezes superior ao registado oficialmente.<\/p>\n<p>Uma parte importante dos casos menos graves ou assintom\u00e1ticos n\u00e3o s\u00e3o detectados, apesar da intensifica\u00e7\u00e3o da despistagem em muitos pa\u00edses.<\/p>\n<p>Ao longo do dia de ter\u00e7a-feira, 8.285 novas mortes e 378.424 novos casos foram registados no mundo.<\/p>\n<p>Os pa\u00edses que registaram mais mortos nos seus \u00faltimos balan\u00e7os foram o Brasil, com 1.893 novas mortes, a \u00cdndia (817) e a R\u00fassia (669).<\/p>\n<p>Os Estados Unidos s\u00e3o o pa\u00eds mais afectado em n\u00famero de casos e de mortes, com 604.467 \u00f3bitos em 33.651.924 casos registados, segundo os n\u00fameros da Universidade Johns Hopkins.<\/p>\n<p>Ap\u00f3s os EUA, os pa\u00edses mais afectados s\u00e3o o Brasil, com 515.985 mortes e 18.513.305 casos, a \u00cdndia, com 398.454 mortes (30.362.848 casos), o M\u00e9xico, com 232.803 mortos (2.513.164 casos), e o Peru, com 192.163 \u00f3bitos (2.049.567 casos).<\/p>\n<p>Entre os mais duramente afectados, o Peru \u00e9 o pa\u00eds que regista mais mortes face \u00e0 sua popula\u00e7\u00e3o, com 583 \u00f3bitos por 100.000 habitantes, seguido da Hungria (310), B\u00f3snia (295), Rep\u00fablica Checa (283) e Maced\u00f3nia do Norte (263).<\/p>\n<p>A Am\u00e9rica Latina e Cara\u00edbas totalizam hoje 1.271.762 mortes e 37.352.266 casos, a Europa 1.168.224 mortes (54.455.316 casos), os EUA e o Canad\u00e1 630.734 mortes (35.066.450 casos), a \u00c1sia 576.579 \u00f3bitos (40.061.921 casos), o M\u00e9dio Oriente 150.263 mortes (9.296.477 casos), \u00c1frica 142.196 \u00f3bitos (5.468.704 casos), e a Oce\u00e2nia 1.130 mortos (54.222 casos).<\/p>\n","protected":false},"excerpt":{"rendered":"<p>Mais de 181.755.350 casos de infec\u00e7\u00e3o foram oficialmente diagnosticados desde o in\u00edcio da pandemia. Os n\u00fameros da AFP baseiam-se em balan\u00e7os di\u00e1rios das autoridades de sa\u00fade de cada pa\u00eds e excluem as revis\u00f5es posteriores de determinados organismos estat\u00edsticos, que indicam um n\u00famero muito superior de \u00f3bitos. A Organiza\u00e7\u00e3o Mundial de Sa\u00fade (OMS) calcula, tendo em [&hellip;]<\/p>\n","protected":false},"author":1,"featured_media":6716,"comment_status":"open","ping_status":"open","sticky":false,"template":"","format":"standard","meta":{"footnotes":""},"categories":[22],"tags":[],"class_list":{"0":"post-6714","1":"post","2":"type-post","3":"status-publish","4":"format-standard","5":"has-post-thumbnail","7":"category-internacional"},"amp_enabled":true,"_links":{"self":[{"href":"https:\/\/tvbelas.com\/tvbelas\/wp-json\/wp\/v2\/posts\/6714","targetHints":{"allow":["GET"]}}],"collection":[{"href":"https:\/\/tvbelas.com\/tvbelas\/wp-json\/wp\/v2\/posts"}],"about":[{"href":"https:\/\/tvbelas.com\/tvbelas\/wp-json\/wp\/v2\/types\/post"}],"author":[{"embeddable":true,"href":"https:\/\/tvbelas.com\/tvbelas\/wp-json\/wp\/v2\/users\/1"}],"replies":[{"embeddable":true,"href":"https:\/\/tvbelas.com\/tvbelas\/wp-json\/wp\/v2\/comments?post=6714"}],"version-history":[{"count":0,"href":"https:\/\/tvbelas.com\/tvbelas\/wp-json\/wp\/v2\/posts\/6714\/revisions"}],"wp:featuredmedia":[{"embeddable":true,"href":"https:\/\/tvbelas.com\/tvbelas\/wp-json\/"}],"wp:attachment":[{"href":"https:\/\/tvbelas.com\/tvbelas\/wp-json\/wp\/v2\/media?parent=6714"}],"wp:term":[{"taxonomy":"category","embeddable":true,"href":"https:\/\/tvbelas.com\/tvbelas\/wp-json\/wp\/v2\/categories?post=6714"},{"taxonomy":"post_tag","embeddable":true,"href":"https:\/\/tvbelas.com\/tvbelas\/wp-json\/wp\/v2\/tags?post=6714"}],"curies":[{"name":"wp","href":"https:\/\/api.w.org\/{rel}","templated":true}]}}