{"id":6722,"date":"2021-06-30T20:48:59","date_gmt":"2021-06-30T19:48:59","guid":{"rendered":"http:\/\/tvbelas.com\/tvbelas\/?p=6722"},"modified":"2021-06-30T20:48:59","modified_gmt":"2021-06-30T19:48:59","slug":"casos-de-covid-19-abalam-euro-2020-ingleses-pediram-os-adeptos-para-nao-deslocarem-a-roma-para-o-jogo-dos-quartos","status":"publish","type":"post","link":"https:\/\/tvbelas.com\/tvbelas\/noticias\/desporto\/casos-de-covid-19-abalam-euro-2020-ingleses-pediram-os-adeptos-para-nao-deslocarem-a-roma-para-o-jogo-dos-quartos\/","title":{"rendered":"CASOS DE COVID 19 ABALAM EURO 2020, INGLESES PEDIRAM OS ADEPTOS PARA N\u00c3O DESLOCAREM A ROMA PARA O JOGO DOS QUARTOS."},"content":{"rendered":"<p>Come\u00e7ando pela Esc\u00f3cia, foram naquele Pa\u00eds identificados quase dois mil casos de Covid-19 relacionados com o Euro 2020, sendo que dois ter\u00e7os dos infetados viajaram para Londres, cidade que recebeu jogos do Euro 2020.<br \/>\nAs autoridades de sa\u00fade escocesas identificaram os tais quase 2.000 casos de Covid-19 em pessoas que participaram em eventos ligados ao Euro2020 de futebol entre os dias 11 e 28 de junho.<br \/>\nNeste per\u00edodo, dos 32.539 escoceses com teste positivo ao novo coronav\u00edrus, 1.991 estiveram de algum modo ligados \u00e0 prova, tendo assistido a um ou mais jogos nos est\u00e1dios de Hampden Park (Glasgow) ou Wembley (Londres), frequentado a &#8216;zona de f\u00e3s&#8217; de Glasgow ou integrado encontros informais, em bares ou em casas particulares.<br \/>\nDos 1.991, quase dois ter\u00e7os (1.294) viajaram para Londres para participar nalgum evento relacionado com a competi\u00e7\u00e3o, incluindo 397 pessoas que assistiram ao jogo entre Esc\u00f3cia e Inglaterra (0-0) em 18 de junho, em Wembley.<br \/>\nEstes n\u00fameros s\u00e3o divulgados numa altura em que v\u00e1rias vozes se t\u00eam levantado contra a decis\u00e3o da UEFA de realizar as meias-finais e a final do Euro2020 em Wembley, uma vez que o Reino Unido est\u00e1 no meio de um surto da variante Delta, mais contagiosa, que agora \u00e9 a dominante.<br \/>\nNa semana passada, o primeiro-ministro italiano, Mario Draghi, expressou publicamente o desejo de que a final &#8220;n\u00e3o aconte\u00e7a em um pa\u00eds onde os cont\u00e1gios est\u00e3o a crescer rapidamente&#8221;.<br \/>\nPor seu turno, a vice-presidente da Comiss\u00e3o Europeia, Margaritis Schinas, expressou recentemente &#8220;d\u00favidas&#8221; sobre o plano, dizendo que a UEFA deveria &#8220;analisar cuidadosamente&#8221; esta decis\u00e3o.<br \/>\nDe acordo com o governo brit\u00e2nico, mais de 60.000 espetadores v\u00e3o ser permitidos nas bancadas de Wembley para as meias-finais e final do Euro2020, ao inv\u00e9s dos 40.000 inicialmente previstos, num recinto com capacidade m\u00e1xima de 90.000 lugares.<br \/>\nApesar de o n\u00famero de mortes e hospitaliza\u00e7\u00f5es permanecerem baixas, neste momento, no Reino Unido (o pa\u00eds europeu com mais v\u00edtimas provocadas pela Covid-19, com 128.000 mortes), t\u00eam vindo recentemente a ser registados mais de 20.000 novos casos de infe\u00e7\u00e3o por dia.<br \/>\nEntretanto a Federa\u00e7\u00e3o Inglesa de Futebol (FA) informou esta quarta-feira que abdica dos 2500 lugares a que tinha direito no jogo de s\u00e1bado, com a Ucr\u00e2nia, dos quartos de final do Euro 2020, apelando aos adeptos para n\u00e3o se deslocarem a Roma.<br \/>\n&#8220;Infelizmente, a FA n\u00e3o vender\u00e1 nenhum bilhete (&#8230;) para este jogo, face \u00e0s restri\u00e7\u00f5es existentes nos dois pa\u00edses&#8221;, indicou o organismo federativo, acrescentando ser esta uma medida no \u00e2mbito do combate \u00e0 pandemia da Covid-19.<br \/>\n\u00c0 entrada em It\u00e1lia, os adeptos t\u00eam de cumprir um isolamento de cinco dias, estando o jogo agendado para dentro de tr\u00eas, no s\u00e1bado, e no regresso a Inglaterra \u00e9 necess\u00e1ria nova quarentena, de mais 10 dias.<br \/>\nNos quartos de final do Euro 2020, a Inglaterra, que bateu a Alemanha por 2-0, defronta no s\u00e1bado a Ucr\u00e2nia, em jogo marcado para as 21h00 locais (20h00 em Angola), no Est\u00e1dio Ol\u00edmpico de Roma, em It\u00e1lia.<br \/>\nE\u00eds os Embates dos quartos-de-final<br \/>\nSexta-feira, 2 de Julho<br \/>\nSu\u00ed\u00e7a &#8211; Espanha (17h00, S\u00e3o Petersburgo)<br \/>\nB\u00e9lgica &#8211; It\u00e1lia (20h00, Munique)<br \/>\nS\u00e1bado, 3 de Julho<br \/>\nRep\u00fablica Checa &#8211; Dinamarca (17h00, Baku)<br \/>\nUcr\u00e2nia &#8211; Inglaterra (20h00, Roma)<\/p>\n","protected":false},"excerpt":{"rendered":"<p>Come\u00e7ando pela Esc\u00f3cia, foram naquele Pa\u00eds identificados quase dois mil casos de Covid-19 relacionados com o Euro 2020, sendo que dois ter\u00e7os dos infetados viajaram para Londres, cidade que recebeu jogos do Euro 2020. As autoridades de sa\u00fade escocesas identificaram os tais quase 2.000 casos de Covid-19 em pessoas que participaram em eventos ligados ao [&hellip;]<\/p>\n","protected":false},"author":1,"featured_media":6724,"comment_status":"open","ping_status":"open","sticky":false,"template":"","format":"standard","meta":{"footnotes":""},"categories":[19],"tags":[],"class_list":{"0":"post-6722","1":"post","2":"type-post","3":"status-publish","4":"format-standard","5":"has-post-thumbnail","7":"category-desporto"},"amp_enabled":true,"_links":{"self":[{"href":"https:\/\/tvbelas.com\/tvbelas\/wp-json\/wp\/v2\/posts\/6722","targetHints":{"allow":["GET"]}}],"collection":[{"href":"https:\/\/tvbelas.com\/tvbelas\/wp-json\/wp\/v2\/posts"}],"about":[{"href":"https:\/\/tvbelas.com\/tvbelas\/wp-json\/wp\/v2\/types\/post"}],"author":[{"embeddable":true,"href":"https:\/\/tvbelas.com\/tvbelas\/wp-json\/wp\/v2\/users\/1"}],"replies":[{"embeddable":true,"href":"https:\/\/tvbelas.com\/tvbelas\/wp-json\/wp\/v2\/comments?post=6722"}],"version-history":[{"count":0,"href":"https:\/\/tvbelas.com\/tvbelas\/wp-json\/wp\/v2\/posts\/6722\/revisions"}],"wp:featuredmedia":[{"embeddable":true,"href":"https:\/\/tvbelas.com\/tvbelas\/wp-json\/"}],"wp:attachment":[{"href":"https:\/\/tvbelas.com\/tvbelas\/wp-json\/wp\/v2\/media?parent=6722"}],"wp:term":[{"taxonomy":"category","embeddable":true,"href":"https:\/\/tvbelas.com\/tvbelas\/wp-json\/wp\/v2\/categories?post=6722"},{"taxonomy":"post_tag","embeddable":true,"href":"https:\/\/tvbelas.com\/tvbelas\/wp-json\/wp\/v2\/tags?post=6722"}],"curies":[{"name":"wp","href":"https:\/\/api.w.org\/{rel}","templated":true}]}}