{"id":6747,"date":"2021-07-01T21:35:07","date_gmt":"2021-07-01T20:35:07","guid":{"rendered":"http:\/\/tvbelas.com\/tvbelas\/?p=6747"},"modified":"2021-07-01T21:35:07","modified_gmt":"2021-07-01T20:35:07","slug":"joao-lourenco-conferiu-posse-esta-quinta-feira-a-nova-governadora-de-luanda-ana-paula-chantre-luna-de-carvalho","status":"publish","type":"post","link":"https:\/\/tvbelas.com\/tvbelas\/noticias\/politica-angola\/joao-lourenco-conferiu-posse-esta-quinta-feira-a-nova-governadora-de-luanda-ana-paula-chantre-luna-de-carvalho\/","title":{"rendered":"JO\u00c3O LOUREN\u00c7O, CONFERIU POSSE, ESTA QUINTA-FEIRA, \u00c0 NOVA GOVERNADORA DE LUANDA, ANA PAULA CHANTRE LUNA DE CARVALHO."},"content":{"rendered":"<p>Em cerim\u00f3nia realizada no Sal\u00e3o Nobre do Pal\u00e1cio Presidencial, o Chefe de Estado tamb\u00e9m empossou\u00a0Manuel Jos\u00e9 da Costa Molares D\u2019Abril, como secret\u00e1rio de Estado para o Ordenamento do Territ\u00f3rio.<\/p>\n<p>Tomou igualmente posse\u00a0H\u00e9lio Delize Neto de Almeida, no cargo de vice-governador da prov\u00edncia da Hu\u00edla para o Sector T\u00e9cnico e Infra-estruturas.\u00a0Os tr\u00eas foram nomeados quarta-feira.<\/p>\n<p>Em breves declara\u00e7\u00f5es, Jo\u00e3o Louren\u00e7o\u00a0desejou aos empossados sucessos\u00a0nas fun\u00e7\u00f5es\u00a0que doravante passam a desempenhar.<\/p>\n<p>No final da cerim\u00f3nia, a nova governadora de Luanda, que substitui Joana Lina Ramos Baptista, apontou como prioridade a elabora\u00e7\u00e3o de programas, com a colabora\u00e7\u00e3o dos administradores municipais, para a curto, m\u00e9dio e longo prazos resolver a situa\u00e7\u00e3o dos res\u00edduos s\u00f3lidos e da macro-drenagem da capital.<\/p>\n<p>\u201cVamos trabalhar com os munic\u00edpios para, de forma pontual e planificada, mitigar alguns problemas que afectam a cidade de Luanda\u201d, disse \u00e0 imprensa a governadora, que, at\u00e9 \u00e0\u00a0data da sua nomea\u00e7\u00e3o, era\u00a0secret\u00e1ria de Estado para o Ordenamento do Territ\u00f3rio.<\/p>\n<p>Segundo projec\u00e7\u00f5es populacionais de 2018, elaboradas pelo Instituto Nacional de Estat\u00edstica, Luanda conta com uma popula\u00e7\u00e3o estimada em sete milh\u00f5es\u00a0976 mil 907 habitantes e uma \u00e1rea territorial de 18 mil 826 quil\u00f3metros quadrados, sendo a prov\u00edncia mais populosa e densamente povoada do pa\u00eds.<\/p>\n<p>Conta com os munic\u00edpios de Luanda, Cacuaco, Viana, Kilamba-kiaxi, Talatona, Belas, Cazenga, Icolo e Bengo e Qui\u00e7ama.<\/p>\n<p>&nbsp;<\/p>\n","protected":false},"excerpt":{"rendered":"<p>Em cerim\u00f3nia realizada no Sal\u00e3o Nobre do Pal\u00e1cio Presidencial, o Chefe de Estado tamb\u00e9m empossou\u00a0Manuel Jos\u00e9 da Costa Molares D\u2019Abril, como secret\u00e1rio de Estado para o Ordenamento do Territ\u00f3rio. Tomou igualmente posse\u00a0H\u00e9lio Delize Neto de Almeida, no cargo de vice-governador da prov\u00edncia da Hu\u00edla para o Sector T\u00e9cnico e Infra-estruturas.\u00a0Os tr\u00eas foram nomeados quarta-feira. Em [&hellip;]<\/p>\n","protected":false},"author":1,"featured_media":6749,"comment_status":"open","ping_status":"open","sticky":false,"template":"","format":"gallery","meta":{"footnotes":""},"categories":[12],"tags":[],"class_list":{"0":"post-6747","1":"post","2":"type-post","3":"status-publish","4":"format-gallery","5":"has-post-thumbnail","7":"category-politica-angola","8":"post_format-post-format-gallery"},"amp_enabled":true,"_links":{"self":[{"href":"https:\/\/tvbelas.com\/tvbelas\/wp-json\/wp\/v2\/posts\/6747","targetHints":{"allow":["GET"]}}],"collection":[{"href":"https:\/\/tvbelas.com\/tvbelas\/wp-json\/wp\/v2\/posts"}],"about":[{"href":"https:\/\/tvbelas.com\/tvbelas\/wp-json\/wp\/v2\/types\/post"}],"author":[{"embeddable":true,"href":"https:\/\/tvbelas.com\/tvbelas\/wp-json\/wp\/v2\/users\/1"}],"replies":[{"embeddable":true,"href":"https:\/\/tvbelas.com\/tvbelas\/wp-json\/wp\/v2\/comments?post=6747"}],"version-history":[{"count":0,"href":"https:\/\/tvbelas.com\/tvbelas\/wp-json\/wp\/v2\/posts\/6747\/revisions"}],"wp:featuredmedia":[{"embeddable":true,"href":"https:\/\/tvbelas.com\/tvbelas\/wp-json\/"}],"wp:attachment":[{"href":"https:\/\/tvbelas.com\/tvbelas\/wp-json\/wp\/v2\/media?parent=6747"}],"wp:term":[{"taxonomy":"category","embeddable":true,"href":"https:\/\/tvbelas.com\/tvbelas\/wp-json\/wp\/v2\/categories?post=6747"},{"taxonomy":"post_tag","embeddable":true,"href":"https:\/\/tvbelas.com\/tvbelas\/wp-json\/wp\/v2\/tags?post=6747"}],"curies":[{"name":"wp","href":"https:\/\/api.w.org\/{rel}","templated":true}]}}