{"id":6751,"date":"2021-07-01T21:52:37","date_gmt":"2021-07-01T20:52:37","guid":{"rendered":"http:\/\/tvbelas.com\/tvbelas\/?p=6751"},"modified":"2021-07-01T21:52:37","modified_gmt":"2021-07-01T20:52:37","slug":"campeas-africanas-de-andebol-homenageiadas-pelo-presidnte-da-republica","status":"publish","type":"post","link":"https:\/\/tvbelas.com\/tvbelas\/noticias\/politica-angola\/campeas-africanas-de-andebol-homenageiadas-pelo-presidnte-da-republica\/","title":{"rendered":"CAMPE\u00c3S AFRICANAS DE ANDEBOL HOMENAGEIADAS PELO PRESIDNTE DA REP\u00daBLICA"},"content":{"rendered":"<p>Durante uma cerim\u00f3nia, decorrida no sal\u00e3o nobre do Pal\u00e1cio Presidencial, Jo\u00e3o Louren\u00e7o sublinhou o facto de ser a 14\u00aa vez que a selec\u00e7\u00e3o senior feminina de andebol conquista\u00a0um t\u00edtulo africano.<\/p>\n<p>Salientou o facto de o desporto nacional n\u00e3o estar\u00a0a atravessar o seu melhor momento, mas, ainda assim, a selec\u00e7\u00e3o feminina de andebol fazer a\u00a0grande diferen\u00e7a.<\/p>\n<p>\u201cO povo angolano n\u00e3o tem palavras para agradecer por\u00a0mais este feito\u201d, disse, felicitando, em seu nome pr\u00f3prio, da sua fam\u00edlia e do Executivo, as atletas, a equipa t\u00e9cnica e a\u00a0direc\u00e7\u00e3o da Federa\u00e7\u00e3o Angolana de Andebol, pelo grande feito que coloca o pa\u00eds no ponto mais alto do desporto a n\u00edvel do continente africano.<\/p>\n<p>Na sua interven\u00e7\u00e3o, o Chefe de Estado, fez tamb\u00e9m men\u00e7\u00e3o ao facto de ter reunido, h\u00e1 pouco tempo, com as direc\u00e7\u00f5es das diferentes federa\u00e7\u00f5es desportivas do pa\u00eds, com o objectivo de se encontrar os melhores caminhos para colocar o desporto nacional no lugar que\u00a0merece.<\/p>\n<p>Disse ter recebido, na altura, importantes contribui\u00e7\u00f5es das federa\u00e7\u00f5es, estando a\u00a0trabalhar no sentido de, paulatinamente, implementar algumas das recomenda\u00e7\u00f5es feitas.<\/p>\n<p>&#8220;Precisamos que as alegrias que voc\u00eas d\u00e3o ao povo angolano, ao longo de 14 oportunidades diferentes, sejam dadas tamb\u00e9m por outras modalidades, como o futebol e outras modalidades desportivas\u201d, ressaltou.<\/p>\n<p>Segundo Jo\u00e3o Louren\u00e7o, o Executivo est\u00e1 aberto a atender as preocupa\u00e7\u00f5es inerentes \u00e0 participa\u00e7\u00e3o no campeonato do mundo.<\/p>\n<p>&#8220;Agradeciamos que nos fa\u00e7am chegar, a\u00a0tempo, todos os constrangimentos que a selec\u00e7\u00e3o encontrar at\u00e9 ao mundial, para que, naquilo que depender de n\u00f3s, possamos resolver. Sabemos que nem tudo depende s\u00f3 de recursos financeiros\u201d, garantiu.<\/p>\n<p>O Presidente agradeceu a oferta de uma bola de andebol e de uma camisola da selec\u00e7\u00e3o, assim como pela oportunidade de ter em m\u00e3os ta\u00e7a.<\/p>\n","protected":false},"excerpt":{"rendered":"<p>Durante uma cerim\u00f3nia, decorrida no sal\u00e3o nobre do Pal\u00e1cio Presidencial, Jo\u00e3o Louren\u00e7o sublinhou o facto de ser a 14\u00aa vez que a selec\u00e7\u00e3o senior feminina de andebol conquista\u00a0um t\u00edtulo africano. Salientou o facto de o desporto nacional n\u00e3o estar\u00a0a atravessar o seu melhor momento, mas, ainda assim, a selec\u00e7\u00e3o feminina de andebol fazer a\u00a0grande diferen\u00e7a. [&hellip;]<\/p>\n","protected":false},"author":1,"featured_media":6760,"comment_status":"open","ping_status":"open","sticky":false,"template":"","format":"gallery","meta":{"footnotes":""},"categories":[12],"tags":[],"class_list":{"0":"post-6751","1":"post","2":"type-post","3":"status-publish","4":"format-gallery","5":"has-post-thumbnail","7":"category-politica-angola","8":"post_format-post-format-gallery"},"amp_enabled":true,"_links":{"self":[{"href":"https:\/\/tvbelas.com\/tvbelas\/wp-json\/wp\/v2\/posts\/6751","targetHints":{"allow":["GET"]}}],"collection":[{"href":"https:\/\/tvbelas.com\/tvbelas\/wp-json\/wp\/v2\/posts"}],"about":[{"href":"https:\/\/tvbelas.com\/tvbelas\/wp-json\/wp\/v2\/types\/post"}],"author":[{"embeddable":true,"href":"https:\/\/tvbelas.com\/tvbelas\/wp-json\/wp\/v2\/users\/1"}],"replies":[{"embeddable":true,"href":"https:\/\/tvbelas.com\/tvbelas\/wp-json\/wp\/v2\/comments?post=6751"}],"version-history":[{"count":0,"href":"https:\/\/tvbelas.com\/tvbelas\/wp-json\/wp\/v2\/posts\/6751\/revisions"}],"wp:featuredmedia":[{"embeddable":true,"href":"https:\/\/tvbelas.com\/tvbelas\/wp-json\/"}],"wp:attachment":[{"href":"https:\/\/tvbelas.com\/tvbelas\/wp-json\/wp\/v2\/media?parent=6751"}],"wp:term":[{"taxonomy":"category","embeddable":true,"href":"https:\/\/tvbelas.com\/tvbelas\/wp-json\/wp\/v2\/categories?post=6751"},{"taxonomy":"post_tag","embeddable":true,"href":"https:\/\/tvbelas.com\/tvbelas\/wp-json\/wp\/v2\/tags?post=6751"}],"curies":[{"name":"wp","href":"https:\/\/api.w.org\/{rel}","templated":true}]}}