{"id":7006,"date":"2021-07-06T09:23:31","date_gmt":"2021-07-06T08:23:31","guid":{"rendered":"http:\/\/tvbelas.com\/tvbelas\/?p=7006"},"modified":"2021-07-06T09:23:31","modified_gmt":"2021-07-06T08:23:31","slug":"russia-um-aviao-comercial-desapareceu-hoje-com-28-pessoas-a-bordo-na-peninsula-de-kamchatka","status":"publish","type":"post","link":"https:\/\/tvbelas.com\/tvbelas\/noticias\/internacional\/russia-um-aviao-comercial-desapareceu-hoje-com-28-pessoas-a-bordo-na-peninsula-de-kamchatka\/","title":{"rendered":"RUSSIA UM AVI\u00c3O COMERCIAL DESAPARECEU HOJE COM 28 PESSOAS A BORDO NA PEN\u00cdNSULA DE KAMCHATKA"},"content":{"rendered":"<p>De acordo com os servi\u00e7os de emerg\u00eancia russos, o aparelho despenhou-se no mar, perto da costa de Okhotsk, quando executava a manobra de aproxima\u00e7\u00e3o ao aer\u00f3dromo de Palana. Os destro\u00e7os j\u00e1 foram localizados.<\/p>\n<p>V\u00e1rios navios, assim como helic\u00f3pteros, est\u00e3o j\u00e1 a caminho do local do acidente, informou os servi\u00e7os de emerg\u00eancia.<\/p>\n<p>O avi\u00e3o &#8211; um AN-26 &#8211;\u00a0 fazia a liga\u00e7\u00e3o entre Petropavlovsk &#8211; Kamchatsky e Palana. Entre os passageiros, 22 s\u00e3o passageiros e seis tripulantes.<\/p>\n<p>O voo estava a ser operado pela Kamchatka Aviation Enterprise, uma pequena companhia regional que faz a travessia entre cidades e localidades remotas e usa v\u00e1rias aeronaves da era sovi\u00e9tica.<\/p>\n<p>O AN-26 \u00e9 um aparelho turbo\u00e9lice bimotor criado na Uni\u00e3o Sovi\u00e9tica, na d\u00e9cada de 1960. Entrou em servi\u00e7o em 1970 e a produ\u00e7\u00e3o foi interrompida em 1986. Centenas continuam em uso, principalmente em militares.<\/p>\n","protected":false},"excerpt":{"rendered":"<p>De acordo com os servi\u00e7os de emerg\u00eancia russos, o aparelho despenhou-se no mar, perto da costa de Okhotsk, quando executava a manobra de aproxima\u00e7\u00e3o ao aer\u00f3dromo de Palana. Os destro\u00e7os j\u00e1 foram localizados. V\u00e1rios navios, assim como helic\u00f3pteros, est\u00e3o j\u00e1 a caminho do local do acidente, informou os servi\u00e7os de emerg\u00eancia. O avi\u00e3o &#8211; um [&hellip;]<\/p>\n","protected":false},"author":1,"featured_media":7008,"comment_status":"open","ping_status":"open","sticky":false,"template":"","format":"standard","meta":{"footnotes":""},"categories":[22],"tags":[],"class_list":{"0":"post-7006","1":"post","2":"type-post","3":"status-publish","4":"format-standard","5":"has-post-thumbnail","7":"category-internacional"},"amp_enabled":true,"_links":{"self":[{"href":"https:\/\/tvbelas.com\/tvbelas\/wp-json\/wp\/v2\/posts\/7006","targetHints":{"allow":["GET"]}}],"collection":[{"href":"https:\/\/tvbelas.com\/tvbelas\/wp-json\/wp\/v2\/posts"}],"about":[{"href":"https:\/\/tvbelas.com\/tvbelas\/wp-json\/wp\/v2\/types\/post"}],"author":[{"embeddable":true,"href":"https:\/\/tvbelas.com\/tvbelas\/wp-json\/wp\/v2\/users\/1"}],"replies":[{"embeddable":true,"href":"https:\/\/tvbelas.com\/tvbelas\/wp-json\/wp\/v2\/comments?post=7006"}],"version-history":[{"count":0,"href":"https:\/\/tvbelas.com\/tvbelas\/wp-json\/wp\/v2\/posts\/7006\/revisions"}],"wp:featuredmedia":[{"embeddable":true,"href":"https:\/\/tvbelas.com\/tvbelas\/wp-json\/"}],"wp:attachment":[{"href":"https:\/\/tvbelas.com\/tvbelas\/wp-json\/wp\/v2\/media?parent=7006"}],"wp:term":[{"taxonomy":"category","embeddable":true,"href":"https:\/\/tvbelas.com\/tvbelas\/wp-json\/wp\/v2\/categories?post=7006"},{"taxonomy":"post_tag","embeddable":true,"href":"https:\/\/tvbelas.com\/tvbelas\/wp-json\/wp\/v2\/tags?post=7006"}],"curies":[{"name":"wp","href":"https:\/\/api.w.org\/{rel}","templated":true}]}}