{"id":7010,"date":"2021-07-06T10:53:51","date_gmt":"2021-07-06T09:53:51","guid":{"rendered":"http:\/\/tvbelas.com\/tvbelas\/?p=7010"},"modified":"2021-07-06T10:53:51","modified_gmt":"2021-07-06T09:53:51","slug":"jacob-zuma-esta-a-explorar-todas-as-vias-legais-depois-de-ser-condenado-a-15-meses-de-prisa-disse-jessie-duarte-secretario-geral-adjunto-do-anc","status":"publish","type":"post","link":"https:\/\/tvbelas.com\/tvbelas\/noticias\/internacional\/jacob-zuma-esta-a-explorar-todas-as-vias-legais-depois-de-ser-condenado-a-15-meses-de-prisa-disse-jessie-duarte-secretario-geral-adjunto-do-anc\/","title":{"rendered":"JACOB ZUMA EST\u00c1 A EXPLORAR TODAS AS VIAS LEGAIS DEPOIS DE SER CONDENADO A 15 MESES DE PRIS\u00c3 DISSE  JESSIE DUARTE, SECRET\u00c1RIO-GERAL ADJUNTO DO ANC"},"content":{"rendered":"<p>Falando em confer\u00eancia de imprensa colectiva, o secret\u00e1rio-geral adjunto do ANC, Jessie Duarte, afirmou que &#8220;O presidente Zuma est\u00e1 a \u00a0explorar todas as vias legais dispon\u00edveis para reduzir ou remover a pena de pris\u00e3o\u201d.<\/p>\n<p>\u201c&#8230; Acreditamos que o judici\u00e1rio deve ser deixado para tomar as suas pr\u00f3prias decis\u00f5es, (mas)&#8230; esperamos que o tribunal do camarada Zuma a inscri\u00e7\u00e3o ser\u00e1 bem-sucedida&#8221;, sublinhou.<\/p>\n<p>Os advogados de Zuma v\u00e3o abordar, esta ter\u00e7a-feira, o tribunal superior para tentar bloquear a sua pris\u00e3o ap\u00f3s a senten\u00e7a do tribunal constitucional da semana passada.<\/p>\n","protected":false},"excerpt":{"rendered":"<p>Falando em confer\u00eancia de imprensa colectiva, o secret\u00e1rio-geral adjunto do ANC, Jessie Duarte, afirmou que &#8220;O presidente Zuma est\u00e1 a \u00a0explorar todas as vias legais dispon\u00edveis para reduzir ou remover a pena de pris\u00e3o\u201d. \u201c&#8230; Acreditamos que o judici\u00e1rio deve ser deixado para tomar as suas pr\u00f3prias decis\u00f5es, (mas)&#8230; esperamos que o tribunal do camarada [&hellip;]<\/p>\n","protected":false},"author":1,"featured_media":7012,"comment_status":"open","ping_status":"open","sticky":false,"template":"","format":"standard","meta":{"footnotes":""},"categories":[22],"tags":[],"class_list":{"0":"post-7010","1":"post","2":"type-post","3":"status-publish","4":"format-standard","5":"has-post-thumbnail","7":"category-internacional"},"amp_enabled":true,"_links":{"self":[{"href":"https:\/\/tvbelas.com\/tvbelas\/wp-json\/wp\/v2\/posts\/7010","targetHints":{"allow":["GET"]}}],"collection":[{"href":"https:\/\/tvbelas.com\/tvbelas\/wp-json\/wp\/v2\/posts"}],"about":[{"href":"https:\/\/tvbelas.com\/tvbelas\/wp-json\/wp\/v2\/types\/post"}],"author":[{"embeddable":true,"href":"https:\/\/tvbelas.com\/tvbelas\/wp-json\/wp\/v2\/users\/1"}],"replies":[{"embeddable":true,"href":"https:\/\/tvbelas.com\/tvbelas\/wp-json\/wp\/v2\/comments?post=7010"}],"version-history":[{"count":0,"href":"https:\/\/tvbelas.com\/tvbelas\/wp-json\/wp\/v2\/posts\/7010\/revisions"}],"wp:featuredmedia":[{"embeddable":true,"href":"https:\/\/tvbelas.com\/tvbelas\/wp-json\/"}],"wp:attachment":[{"href":"https:\/\/tvbelas.com\/tvbelas\/wp-json\/wp\/v2\/media?parent=7010"}],"wp:term":[{"taxonomy":"category","embeddable":true,"href":"https:\/\/tvbelas.com\/tvbelas\/wp-json\/wp\/v2\/categories?post=7010"},{"taxonomy":"post_tag","embeddable":true,"href":"https:\/\/tvbelas.com\/tvbelas\/wp-json\/wp\/v2\/tags?post=7010"}],"curies":[{"name":"wp","href":"https:\/\/api.w.org\/{rel}","templated":true}]}}