{"id":7067,"date":"2021-07-07T11:14:50","date_gmt":"2021-07-07T10:14:50","guid":{"rendered":"http:\/\/tvbelas.com\/tvbelas\/?p=7067"},"modified":"2021-07-07T11:14:50","modified_gmt":"2021-07-07T10:14:50","slug":"a-comissao-multisectorial-destacou-esta-terca-feira-a-necessidade-do-reforco-da-vigilancia-epidemiologica-nas-zonas-fronteiricas","status":"publish","type":"post","link":"https:\/\/tvbelas.com\/tvbelas\/noticias\/saude\/a-comissao-multisectorial-destacou-esta-terca-feira-a-necessidade-do-reforco-da-vigilancia-epidemiologica-nas-zonas-fronteiricas\/","title":{"rendered":"A COMISS\u00c3O MULTISECTORIAL DESTACOU, ESTA TER\u00c7A-FEIRA, A NECESSIDADE DO REFOR\u00c7O DA VIGIL\u00c2NCIA EPIDEMIOL\u00d3GICA NAS ZONAS FRONTEIRI\u00c7AS."},"content":{"rendered":"<p>Dados dispon\u00edveis indicam o diagn\u00f3stico, nos \u00faltimos dias, de 4 casos da variante delta e mais de 100 da inglesa.<\/p>\n<p>Segundo a ministra da Sa\u00fade, S\u00edlvia Lutucuta, que falava \u00e0 imprensa no final de uma reuni\u00e3o operativa da comiss\u00e3o, maior cuidado se deve ter, em rela\u00e7\u00e3o as zonas fronteiri\u00e7as com a Nam\u00edbia, o Congo (Brazzaville), a Rep\u00fablica Democr\u00e1tica do Congo (RDC) e a \u00c1frica do Sul.<\/p>\n<p>S\u00edlvia Lutucuta, que manifestou preocupa\u00e7\u00e3o face a letalidade da variante delta, desaconselha a viola\u00e7\u00e3o das cercas sanit\u00e1rias e recomenda o cumprimento rigoroso das medidas de biosseguran\u00e7a, para se evitarem danos maiores no tecido social, humano e econ\u00f3mico angolano.<\/p>\n<p>Durante a reuni\u00e3o, orientada pela ministra de Estado para a \u00c1rea Social, Carolina Cerqueira, os membros da comiss\u00e3o avaliaram o grau de cumprimento das medidas de biosseguran\u00e7a, a situa\u00e7\u00e3o epidemiol\u00f3gica do pa\u00eds e as propostas de medidas de conten\u00e7\u00e3o da Covid-19.<\/p>\n","protected":false},"excerpt":{"rendered":"<p>Dados dispon\u00edveis indicam o diagn\u00f3stico, nos \u00faltimos dias, de 4 casos da variante delta e mais de 100 da inglesa. Segundo a ministra da Sa\u00fade, S\u00edlvia Lutucuta, que falava \u00e0 imprensa no final de uma reuni\u00e3o operativa da comiss\u00e3o, maior cuidado se deve ter, em rela\u00e7\u00e3o as zonas fronteiri\u00e7as com a Nam\u00edbia, o Congo (Brazzaville), [&hellip;]<\/p>\n","protected":false},"author":1,"featured_media":7069,"comment_status":"open","ping_status":"open","sticky":false,"template":"","format":"standard","meta":{"footnotes":""},"categories":[14],"tags":[],"class_list":{"0":"post-7067","1":"post","2":"type-post","3":"status-publish","4":"format-standard","5":"has-post-thumbnail","7":"category-saude"},"amp_enabled":true,"_links":{"self":[{"href":"https:\/\/tvbelas.com\/tvbelas\/wp-json\/wp\/v2\/posts\/7067","targetHints":{"allow":["GET"]}}],"collection":[{"href":"https:\/\/tvbelas.com\/tvbelas\/wp-json\/wp\/v2\/posts"}],"about":[{"href":"https:\/\/tvbelas.com\/tvbelas\/wp-json\/wp\/v2\/types\/post"}],"author":[{"embeddable":true,"href":"https:\/\/tvbelas.com\/tvbelas\/wp-json\/wp\/v2\/users\/1"}],"replies":[{"embeddable":true,"href":"https:\/\/tvbelas.com\/tvbelas\/wp-json\/wp\/v2\/comments?post=7067"}],"version-history":[{"count":0,"href":"https:\/\/tvbelas.com\/tvbelas\/wp-json\/wp\/v2\/posts\/7067\/revisions"}],"wp:featuredmedia":[{"embeddable":true,"href":"https:\/\/tvbelas.com\/tvbelas\/wp-json\/"}],"wp:attachment":[{"href":"https:\/\/tvbelas.com\/tvbelas\/wp-json\/wp\/v2\/media?parent=7067"}],"wp:term":[{"taxonomy":"category","embeddable":true,"href":"https:\/\/tvbelas.com\/tvbelas\/wp-json\/wp\/v2\/categories?post=7067"},{"taxonomy":"post_tag","embeddable":true,"href":"https:\/\/tvbelas.com\/tvbelas\/wp-json\/wp\/v2\/tags?post=7067"}],"curies":[{"name":"wp","href":"https:\/\/api.w.org\/{rel}","templated":true}]}}