{"id":7231,"date":"2021-07-12T14:10:37","date_gmt":"2021-07-12T13:10:37","guid":{"rendered":"http:\/\/tvbelas.com\/tvbelas\/?p=7231"},"modified":"2021-07-12T14:10:37","modified_gmt":"2021-07-12T13:10:37","slug":"faustin-archange-touadera-o-presidente-da-republica-centro-africana-esta-em-luanda-para-uma-visita-de-trabalho","status":"publish","type":"post","link":"https:\/\/tvbelas.com\/tvbelas\/noticias\/politica-angola\/faustin-archange-touadera-o-presidente-da-republica-centro-africana-esta-em-luanda-para-uma-visita-de-trabalho\/","title":{"rendered":"FAUSTIN-ARCHANGE TOUAD\u00c9RA, O PRESIDENTE DA REP\u00daBLICA CENTRO-AFRICANA , EST\u00c1 EM LUANDA, PARA UMA VISITA DE TRABALHO"},"content":{"rendered":"<p>De acordo com o programa da visita, a que a TV BELAS teve acesso, o estadista centro-africano re\u00fane-se com o Chefe de Estado angolano, Jo\u00e3o Louren\u00e7o, que assume a presid\u00eancia rotativa da Confer\u00eancia Internacional sobre a Regi\u00e3o dos Grandes Lagos (CIRGL), organiza\u00e7\u00e3o de que fazem os dois pa\u00edses s\u00e3o membros.<\/p>\n<p>A Rep\u00fablica Centro-Africana vive per\u00edodos de viol\u00eancia, desde 2013, ap\u00f3s o derrube do ent\u00e3o presidente, Fran\u00e7ois Boziz\u00e9, por grupos armados da etnia Seleka.<\/p>\n<p>Desde ent\u00e3o, o pa\u00eds \u00e9 palco de confrontos entre grupos armados seleka e balaka, que for\u00e7aram cerca de um quarto dos seus quatro milh\u00f5es e 700 mil habitantes a abandonarem as suas casas.<\/p>\n<p>A\u00a0Rep\u00fablica Centro-Africana situa-se na \u00c1frica Central e faz fronteira a norte com o Chade, a nordeste com o Sud\u00e3o, a este com o Sud\u00e3o do Sul, a sul com o Congo e a Rep\u00fablica Democr\u00e1tica do Congo e a oeste com os Camar\u00f5es.<\/p>\n","protected":false},"excerpt":{"rendered":"<p>De acordo com o programa da visita, a que a TV BELAS teve acesso, o estadista centro-africano re\u00fane-se com o Chefe de Estado angolano, Jo\u00e3o Louren\u00e7o, que assume a presid\u00eancia rotativa da Confer\u00eancia Internacional sobre a Regi\u00e3o dos Grandes Lagos (CIRGL), organiza\u00e7\u00e3o de que fazem os dois pa\u00edses s\u00e3o membros. A Rep\u00fablica Centro-Africana vive per\u00edodos [&hellip;]<\/p>\n","protected":false},"author":1,"featured_media":7233,"comment_status":"open","ping_status":"open","sticky":false,"template":"","format":"standard","meta":{"footnotes":""},"categories":[12],"tags":[],"class_list":{"0":"post-7231","1":"post","2":"type-post","3":"status-publish","4":"format-standard","5":"has-post-thumbnail","7":"category-politica-angola"},"amp_enabled":true,"_links":{"self":[{"href":"https:\/\/tvbelas.com\/tvbelas\/wp-json\/wp\/v2\/posts\/7231","targetHints":{"allow":["GET"]}}],"collection":[{"href":"https:\/\/tvbelas.com\/tvbelas\/wp-json\/wp\/v2\/posts"}],"about":[{"href":"https:\/\/tvbelas.com\/tvbelas\/wp-json\/wp\/v2\/types\/post"}],"author":[{"embeddable":true,"href":"https:\/\/tvbelas.com\/tvbelas\/wp-json\/wp\/v2\/users\/1"}],"replies":[{"embeddable":true,"href":"https:\/\/tvbelas.com\/tvbelas\/wp-json\/wp\/v2\/comments?post=7231"}],"version-history":[{"count":0,"href":"https:\/\/tvbelas.com\/tvbelas\/wp-json\/wp\/v2\/posts\/7231\/revisions"}],"wp:featuredmedia":[{"embeddable":true,"href":"https:\/\/tvbelas.com\/tvbelas\/wp-json\/"}],"wp:attachment":[{"href":"https:\/\/tvbelas.com\/tvbelas\/wp-json\/wp\/v2\/media?parent=7231"}],"wp:term":[{"taxonomy":"category","embeddable":true,"href":"https:\/\/tvbelas.com\/tvbelas\/wp-json\/wp\/v2\/categories?post=7231"},{"taxonomy":"post_tag","embeddable":true,"href":"https:\/\/tvbelas.com\/tvbelas\/wp-json\/wp\/v2\/tags?post=7231"}],"curies":[{"name":"wp","href":"https:\/\/api.w.org\/{rel}","templated":true}]}}