{"id":7241,"date":"2021-07-13T08:26:44","date_gmt":"2021-07-13T07:26:44","guid":{"rendered":"http:\/\/tvbelas.com\/tvbelas\/?p=7241"},"modified":"2021-07-13T08:26:44","modified_gmt":"2021-07-13T07:26:44","slug":"pedro-makita-encoraja-os-jovens-a-empreenderem-para-a-geracao-de-renda-e-o-combate-ao-desemprego","status":"publish","type":"post","link":"https:\/\/tvbelas.com\/tvbelas\/noticias\/sociedade\/pedro-makita-encoraja-os-jovens-a-empreenderem-para-a-geracao-de-renda-e-o-combate-ao-desemprego\/","title":{"rendered":"PEDRO MAKITA, ENCORAJA, OS JOVENS A EMPREENDEREM, PARA A GERA\u00c7\u00c3O DE RENDA E O COMBATE AO DESEMPREGO."},"content":{"rendered":"<p>Ao intervir na cerim\u00f3nia do lan\u00e7amento do Plano de Ac\u00e7\u00e3o e Promo\u00e7\u00e3o da Empregabilidade (PAPE) ao n\u00edvel da regi\u00e3o, o governador louvou a iniciativa do Minist\u00e9rio da Administra\u00e7\u00e3o P\u00fablica, Trabalho e Seguran\u00e7a Social (MAPTESS), neste sentido.<\/p>\n<p>Segundo Pedro Makita Armando J\u00falia, o PAPE complementa o programa de ac\u00e7\u00f5es do Executivo virado para a cria\u00e7\u00e3o de emprego e a inser\u00e7\u00e3o de mais jovens no mercado de trabalho.<\/p>\n<p>Neste sentido, pediu aos benefici\u00e1rios para a materializa\u00e7\u00e3o dos conhecimentos profissionais adquiridos atrav\u00e9s dos cursos de forma\u00e7\u00e3o do Instituto Nacional de Emprego e Forma\u00e7\u00e3o Profissional (INEFOP), para melhor empreenderem, com o apoio do PAPE.<\/p>\n<p>O\u00a0 Zaire \u00e9 a d\u00e9cima sexta prov\u00edncia do pa\u00eds a beneficiar deste programa do Executivo angolano.<\/p>\n<p>No total foram abrangidos 349 jovens que conclu\u00edram a forma\u00e7\u00e3o em diversas \u00e1reas,\u00a0em Mbanza Kongo e no Tomboco, que receberam micro-cr\u00e9ditos e kits profissionais, assim como beneficiaram de est\u00e1gios profissionais remunerados.<\/p>\n","protected":false},"excerpt":{"rendered":"<p>Ao intervir na cerim\u00f3nia do lan\u00e7amento do Plano de Ac\u00e7\u00e3o e Promo\u00e7\u00e3o da Empregabilidade (PAPE) ao n\u00edvel da regi\u00e3o, o governador louvou a iniciativa do Minist\u00e9rio da Administra\u00e7\u00e3o P\u00fablica, Trabalho e Seguran\u00e7a Social (MAPTESS), neste sentido. Segundo Pedro Makita Armando J\u00falia, o PAPE complementa o programa de ac\u00e7\u00f5es do Executivo virado para a cria\u00e7\u00e3o de [&hellip;]<\/p>\n","protected":false},"author":1,"featured_media":7243,"comment_status":"open","ping_status":"open","sticky":false,"template":"","format":"standard","meta":{"footnotes":""},"categories":[15],"tags":[],"class_list":{"0":"post-7241","1":"post","2":"type-post","3":"status-publish","4":"format-standard","5":"has-post-thumbnail","7":"category-sociedade"},"amp_enabled":true,"_links":{"self":[{"href":"https:\/\/tvbelas.com\/tvbelas\/wp-json\/wp\/v2\/posts\/7241","targetHints":{"allow":["GET"]}}],"collection":[{"href":"https:\/\/tvbelas.com\/tvbelas\/wp-json\/wp\/v2\/posts"}],"about":[{"href":"https:\/\/tvbelas.com\/tvbelas\/wp-json\/wp\/v2\/types\/post"}],"author":[{"embeddable":true,"href":"https:\/\/tvbelas.com\/tvbelas\/wp-json\/wp\/v2\/users\/1"}],"replies":[{"embeddable":true,"href":"https:\/\/tvbelas.com\/tvbelas\/wp-json\/wp\/v2\/comments?post=7241"}],"version-history":[{"count":0,"href":"https:\/\/tvbelas.com\/tvbelas\/wp-json\/wp\/v2\/posts\/7241\/revisions"}],"wp:featuredmedia":[{"embeddable":true,"href":"https:\/\/tvbelas.com\/tvbelas\/wp-json\/"}],"wp:attachment":[{"href":"https:\/\/tvbelas.com\/tvbelas\/wp-json\/wp\/v2\/media?parent=7241"}],"wp:term":[{"taxonomy":"category","embeddable":true,"href":"https:\/\/tvbelas.com\/tvbelas\/wp-json\/wp\/v2\/categories?post=7241"},{"taxonomy":"post_tag","embeddable":true,"href":"https:\/\/tvbelas.com\/tvbelas\/wp-json\/wp\/v2\/tags?post=7241"}],"curies":[{"name":"wp","href":"https:\/\/api.w.org\/{rel}","templated":true}]}}