{"id":7248,"date":"2021-07-14T08:25:10","date_gmt":"2021-07-14T07:25:10","guid":{"rendered":"http:\/\/tvbelas.com\/tvbelas\/?p=7248"},"modified":"2021-07-14T08:25:10","modified_gmt":"2021-07-14T07:25:10","slug":"os-lideres-religiosos-apelam-os-partidos-politicos-a-promoverem-o-dialogo-e-a-resolucao-dos-problemas-que-mais-afligem-as-comunidades","status":"publish","type":"post","link":"https:\/\/tvbelas.com\/tvbelas\/noticias\/politica-angola\/os-lideres-religiosos-apelam-os-partidos-politicos-a-promoverem-o-dialogo-e-a-resolucao-dos-problemas-que-mais-afligem-as-comunidades\/","title":{"rendered":"OS L\u00cdDERES RELIGIOSOS ,APELAM OS PARTIDOS POL\u00cdTICOS A PROMOVEREM O DI\u00c1LOGO E A RESOLU\u00c7\u00c3O DOS PROBLEMAS QUE MAIS AFLIGEM AS COMUNIDADES."},"content":{"rendered":"<p>O Arcebispo de Luanda, Dom Filomeno Vieiras Dias, e o Bispo da Igreja Metodista Unida, Gaspar Jo\u00e3o Domingos, fizeram o apelo ao receberem, em visitas separadas, o\u00a0primeiro secret\u00e1rio\u00a0provincial de Luanda do MPLA, Bento Bento, no ambito do seu programa de encontros \u00e0s lideran\u00e7as das institui\u00e7\u00f5es religiosas e associa\u00e7\u00f5es.<\/p>\n<p>Dom Filomeno\u00a0Vieiras\u00a0Dias reconheceu a pertin\u00eancia da\u00a0 visita, por permitir partilhar ideias e conselhos, no sentido\u00a0da promo\u00e7\u00e3o do di\u00e1logo\u00a0com as comunidades.<\/p>\n<p>\u201cExprimimos, mais uma vez, a import\u00e2ncia dos habitantes da cidade\u00a0conversarem, dialogarem, trocarem ideias sobre a\u00a0comunidade e a igreja est\u00e1\u00a0disponivel em dialogar com os v\u00e1rios actores sociais \u201c, afirmou\u00a0o\u00a0Arcebispo de Luanda.<\/p>\n<p>Reconheceu o empenho, por parte\u00a0do partido que governa, em dar resposta e resolver os\u00a0problemas que afligem as comunidades.<\/p>\n<p>Por sua vez, Gaspar Jo\u00e3o Domingos defendeu que quem se prop\u00f5e a governar tem que &#8220;saber ouvir o clamor da comunidade e resolver os problemas\u00a0que mais afligem a popula\u00e7\u00e3o&#8221;.<\/p>\n<p>\u201cMuitos preferem pensar que s\u00e3o auto-suficientes, na abordagem dos assuntos no que diz respeito a todos, por isso n\u00f3s chamamos aten\u00e7\u00e3o pelo facto de existir toda a necessidade de ouvirmos\u00a0mais o povo, porque o grito do povo\u00a0chega a Deus&#8221;, destacou o Bispo da Igreja Metodista Unida.<\/p>\n<p>O primeiro secret\u00e1rio do MPLA, em Luanda, Bento Bento, reconheceu a import\u00e2ncia das visitas efectuadas, afirmando que serviram para ouvir conselhos, buscar ben\u00e7\u00e3os, para que o trabalho possa ter frutos e resultados\u00a0 positivos.<\/p>\n<p>Reconheceu que saiu dos encontros com \u201cmais capacidade de ouvir, mais capacidade para auscultar, para dialogar, auxiliando bem, dando o nosso melhor para que a nossa institui\u00e7\u00e3o partid\u00e1ria seja mais forte, servindo melhor Luanda e pa\u00eds&#8221;.<\/p>\n","protected":false},"excerpt":{"rendered":"<p>O Arcebispo de Luanda, Dom Filomeno Vieiras Dias, e o Bispo da Igreja Metodista Unida, Gaspar Jo\u00e3o Domingos, fizeram o apelo ao receberem, em visitas separadas, o\u00a0primeiro secret\u00e1rio\u00a0provincial de Luanda do MPLA, Bento Bento, no ambito do seu programa de encontros \u00e0s lideran\u00e7as das institui\u00e7\u00f5es religiosas e associa\u00e7\u00f5es. Dom Filomeno\u00a0Vieiras\u00a0Dias reconheceu a pertin\u00eancia da\u00a0 visita, [&hellip;]<\/p>\n","protected":false},"author":1,"featured_media":7250,"comment_status":"open","ping_status":"open","sticky":false,"template":"","format":"standard","meta":{"footnotes":""},"categories":[12],"tags":[],"class_list":{"0":"post-7248","1":"post","2":"type-post","3":"status-publish","4":"format-standard","5":"has-post-thumbnail","7":"category-politica-angola"},"amp_enabled":true,"_links":{"self":[{"href":"https:\/\/tvbelas.com\/tvbelas\/wp-json\/wp\/v2\/posts\/7248","targetHints":{"allow":["GET"]}}],"collection":[{"href":"https:\/\/tvbelas.com\/tvbelas\/wp-json\/wp\/v2\/posts"}],"about":[{"href":"https:\/\/tvbelas.com\/tvbelas\/wp-json\/wp\/v2\/types\/post"}],"author":[{"embeddable":true,"href":"https:\/\/tvbelas.com\/tvbelas\/wp-json\/wp\/v2\/users\/1"}],"replies":[{"embeddable":true,"href":"https:\/\/tvbelas.com\/tvbelas\/wp-json\/wp\/v2\/comments?post=7248"}],"version-history":[{"count":0,"href":"https:\/\/tvbelas.com\/tvbelas\/wp-json\/wp\/v2\/posts\/7248\/revisions"}],"wp:featuredmedia":[{"embeddable":true,"href":"https:\/\/tvbelas.com\/tvbelas\/wp-json\/"}],"wp:attachment":[{"href":"https:\/\/tvbelas.com\/tvbelas\/wp-json\/wp\/v2\/media?parent=7248"}],"wp:term":[{"taxonomy":"category","embeddable":true,"href":"https:\/\/tvbelas.com\/tvbelas\/wp-json\/wp\/v2\/categories?post=7248"},{"taxonomy":"post_tag","embeddable":true,"href":"https:\/\/tvbelas.com\/tvbelas\/wp-json\/wp\/v2\/tags?post=7248"}],"curies":[{"name":"wp","href":"https:\/\/api.w.org\/{rel}","templated":true}]}}