{"id":7256,"date":"2021-07-14T09:38:57","date_gmt":"2021-07-14T08:38:57","guid":{"rendered":"http:\/\/tvbelas.com\/tvbelas\/?p=7256"},"modified":"2021-07-14T09:38:57","modified_gmt":"2021-07-14T08:38:57","slug":"oma-defende-joana-tomas-defende-actuacao-celere-nas-accoes-em-prol-das-mulheres-em-angola","status":"publish","type":"post","link":"https:\/\/tvbelas.com\/tvbelas\/noticias\/politica-angola\/oma-defende-joana-tomas-defende-actuacao-celere-nas-accoes-em-prol-das-mulheres-em-angola\/","title":{"rendered":"OMA DEFENDE  JOANA TOM\u00c1S  DEFENDE ACTUA\u00c7\u00c3O C\u00c9LERE NAS AC\u00c7\u00d5ES EM PROL DAS MULHERES EM ANGOLA"},"content":{"rendered":"<p>Joana Tom\u00e1s, Secret\u00e1ria-Geral da Organiza\u00e7\u00e3o da Mulher Angolana exortou nesta ter\u00e7a-feira (13) em Luanda, \u00e0s militantes daquela organiza\u00e7\u00e3o, no sentido de aprimorarem a suas actua\u00e7\u00f5es com celeridade na implementa\u00e7\u00e3o dos projectos de ac\u00e7\u00e3o ligados a promo\u00e7\u00e3o da mulher.<br \/>\nJoana Tom\u00e1s teceu ainda, considera\u00e7\u00f5es quando proferia o discurso de abertura do Semin\u00e1rio Nacional Metodol\u00f3gico da OMA que decorreu no Anfiteatro da Sede Nacional do bra\u00e7o feminino do MPLA.<br \/>\nA Secret\u00e1ria-Geral Joana Tom\u00e1s, destacou o combate ao analfabetismo, o empoderamento da mulher, a viol\u00eancia dom\u00e9stica, a fuga \u00e0 paternidade e nos \u00faltimos tempos a fuga \u00e0 maternidade como situa\u00e7\u00f5es que t\u00eam preocupado a Organiza\u00e7\u00e3o.<br \/>\nRelativamente ao combate, ao analfabetismo, a l\u00edder da OMA disse que \u201ctemos um n\u00famero elevado de jovens-mulheres que n\u00e3o sabem ler nem escrever, e estamos a trabalhar com essas m\u00e3es. Muitas delas trabalham nos mercados e pretendemos que a alfabetiza\u00e7\u00e3o v\u00e1 ao encontro delas, e em outros lugares de maior concentra\u00e7\u00e3o de mulheres\u201d.<br \/>\nEm resposta a estes desafios, Joana Tom\u00e1s reiterou que ser\u00e3o refor\u00e7ados os mecanismos de actua\u00e7\u00e3o para se erradicar esses males na sociedade .<br \/>\nA dirigente defendeu uma maior efici\u00eancia nas ac\u00e7\u00f5es que visam responder \u00e0s expectativas face aos desafios para a garantia do bem-estar das fam\u00edlias angolanas.<br \/>\nJoana Tom\u00e1s, Secret\u00e1ria-Geral da Organiza\u00e7\u00e3o da Mulher Angolana , quando fala na abertura do Semin\u00e1rio Nacional Metodol\u00f3gico da OMA que decorreu no Anfiteatro da Sede Nacional da OMA.<\/p>\n","protected":false},"excerpt":{"rendered":"<p>Joana Tom\u00e1s, Secret\u00e1ria-Geral da Organiza\u00e7\u00e3o da Mulher Angolana exortou nesta ter\u00e7a-feira (13) em Luanda, \u00e0s militantes daquela organiza\u00e7\u00e3o, no sentido de aprimorarem a suas actua\u00e7\u00f5es com celeridade na implementa\u00e7\u00e3o dos projectos de ac\u00e7\u00e3o ligados a promo\u00e7\u00e3o da mulher. Joana Tom\u00e1s teceu ainda, considera\u00e7\u00f5es quando proferia o discurso de abertura do Semin\u00e1rio Nacional Metodol\u00f3gico da OMA [&hellip;]<\/p>\n","protected":false},"author":1,"featured_media":7263,"comment_status":"open","ping_status":"open","sticky":false,"template":"","format":"gallery","meta":{"footnotes":""},"categories":[12],"tags":[],"class_list":{"0":"post-7256","1":"post","2":"type-post","3":"status-publish","4":"format-gallery","5":"has-post-thumbnail","7":"category-politica-angola","8":"post_format-post-format-gallery"},"amp_enabled":true,"_links":{"self":[{"href":"https:\/\/tvbelas.com\/tvbelas\/wp-json\/wp\/v2\/posts\/7256","targetHints":{"allow":["GET"]}}],"collection":[{"href":"https:\/\/tvbelas.com\/tvbelas\/wp-json\/wp\/v2\/posts"}],"about":[{"href":"https:\/\/tvbelas.com\/tvbelas\/wp-json\/wp\/v2\/types\/post"}],"author":[{"embeddable":true,"href":"https:\/\/tvbelas.com\/tvbelas\/wp-json\/wp\/v2\/users\/1"}],"replies":[{"embeddable":true,"href":"https:\/\/tvbelas.com\/tvbelas\/wp-json\/wp\/v2\/comments?post=7256"}],"version-history":[{"count":0,"href":"https:\/\/tvbelas.com\/tvbelas\/wp-json\/wp\/v2\/posts\/7256\/revisions"}],"wp:featuredmedia":[{"embeddable":true,"href":"https:\/\/tvbelas.com\/tvbelas\/wp-json\/"}],"wp:attachment":[{"href":"https:\/\/tvbelas.com\/tvbelas\/wp-json\/wp\/v2\/media?parent=7256"}],"wp:term":[{"taxonomy":"category","embeddable":true,"href":"https:\/\/tvbelas.com\/tvbelas\/wp-json\/wp\/v2\/categories?post=7256"},{"taxonomy":"post_tag","embeddable":true,"href":"https:\/\/tvbelas.com\/tvbelas\/wp-json\/wp\/v2\/tags?post=7256"}],"curies":[{"name":"wp","href":"https:\/\/api.w.org\/{rel}","templated":true}]}}