{"id":7281,"date":"2021-07-14T10:01:35","date_gmt":"2021-07-14T09:01:35","guid":{"rendered":"http:\/\/tvbelas.com\/tvbelas\/?p=7281"},"modified":"2021-07-14T10:01:35","modified_gmt":"2021-07-14T09:01:35","slug":"crispiniano-dos-santos-defende-o-reforco-da-capacidade-institucional-e-produtiva-dos-jovens-empregadores","status":"publish","type":"post","link":"https:\/\/tvbelas.com\/tvbelas\/noticias\/politica-angola\/crispiniano-dos-santos-defende-o-reforco-da-capacidade-institucional-e-produtiva-dos-jovens-empregadores\/","title":{"rendered":"CRISPINIANO DOS SANTOS, DEFENDE O REFOR\u00c7O DA CAPACIDADE INSTITUCIONAL E PRODUTIVA DOS JOVENS EMPREGADORES"},"content":{"rendered":"<p>No \u00e2mbito do Programa JMPLA ao Encontro da Juventude, no dom\u00ednio do Refor\u00e7o da Capacidade Institucional e Produtiva dos Pequenos e Grandes Empregadores Jovens, o 1\u00b0 Secret\u00e1rio Nacional da JMPLA, Crispiniano dos Santos, deslocou-se nesta ter\u00e7a-feira (13.07) ao Munic\u00edpio de Cacuaco, onde efectuou uma visita de campo \u00e0s instala\u00e7\u00f5es da Empresa LTI &#8211; Log\u00edstica e Transportes Integrados, integrada no grupo MPCP, vocacionada para processos integrados de log\u00edstica, transit\u00e1rio e aluguer de equipamentos.<br \/>\nApesar das in\u00fameras dificuldades provocadas pela pandemia da COVID-19, o Grupo tem conseguido salvaguardar os 2.143 postos de trabalho a n\u00edvel de todo Pa\u00eds, com uma for\u00e7a jovem de at\u00e9 75%.<br \/>\nA chegada, do lider juvenil da JMPLA, foi recebido pelo Jorge Pinheiro, Director Geral e demais membros da Direc\u00e7\u00e3o do grupo, que na ocasi\u00e3o louvaram o facto do 1\u00b0 Secret\u00e1rio Nacional JMPLA , ter aceite o convite formulado para, al\u00e9m da visita, palestrar um tema aos jovens funcion\u00e1rios da Empresa.<br \/>\nAo abordar o tema: -\u201cA import\u00e2ncia da dedica\u00e7\u00e3o e assiduidade no trabalho\u201d, o L\u00edder da JMPLA Crispiniano dos Santos, fez saber que estas caracter\u00edsticas, s\u00e3o fundamentais para o crescimento do trabalhador e consequentemente para qualidade da presta\u00e7\u00e3o de servi\u00e7o.<br \/>\n\u201cOs atrasos e as faltas s\u00e3o os inimigos de um bom desempenho laboral. A qualidade reside na dedica\u00e7\u00e3o e na concentra\u00e7\u00e3o, caracter\u00edsticas que s\u00f3 podem ser alcan\u00e7adas caso o trabalhador esteja comprometido com o bem fazer e o bem servir\u201d, avan\u00e7ou o Dirigente, que no final manifestou disponibilidade para continuar a apoiar a Empresa neste desafio do fomento \u00e0 empregabilidade juvenil e capacita\u00e7\u00e3o dos jovens.<br \/>\nA jornada de campo terminou com uma visita guiada \u00e0s diferentes \u00e1reas que comp\u00f5e a super estrutura da *LTI* &#8211; Log\u00edstica e Transportes Integrados.<\/p>\n","protected":false},"excerpt":{"rendered":"<p>No \u00e2mbito do Programa JMPLA ao Encontro da Juventude, no dom\u00ednio do Refor\u00e7o da Capacidade Institucional e Produtiva dos Pequenos e Grandes Empregadores Jovens, o 1\u00b0 Secret\u00e1rio Nacional da JMPLA, Crispiniano dos Santos, deslocou-se nesta ter\u00e7a-feira (13.07) ao Munic\u00edpio de Cacuaco, onde efectuou uma visita de campo \u00e0s instala\u00e7\u00f5es da Empresa LTI &#8211; Log\u00edstica e [&hellip;]<\/p>\n","protected":false},"author":1,"featured_media":7284,"comment_status":"open","ping_status":"open","sticky":false,"template":"","format":"gallery","meta":{"footnotes":""},"categories":[12],"tags":[],"class_list":{"0":"post-7281","1":"post","2":"type-post","3":"status-publish","4":"format-gallery","5":"has-post-thumbnail","7":"category-politica-angola","8":"post_format-post-format-gallery"},"amp_enabled":true,"_links":{"self":[{"href":"https:\/\/tvbelas.com\/tvbelas\/wp-json\/wp\/v2\/posts\/7281","targetHints":{"allow":["GET"]}}],"collection":[{"href":"https:\/\/tvbelas.com\/tvbelas\/wp-json\/wp\/v2\/posts"}],"about":[{"href":"https:\/\/tvbelas.com\/tvbelas\/wp-json\/wp\/v2\/types\/post"}],"author":[{"embeddable":true,"href":"https:\/\/tvbelas.com\/tvbelas\/wp-json\/wp\/v2\/users\/1"}],"replies":[{"embeddable":true,"href":"https:\/\/tvbelas.com\/tvbelas\/wp-json\/wp\/v2\/comments?post=7281"}],"version-history":[{"count":0,"href":"https:\/\/tvbelas.com\/tvbelas\/wp-json\/wp\/v2\/posts\/7281\/revisions"}],"wp:featuredmedia":[{"embeddable":true,"href":"https:\/\/tvbelas.com\/tvbelas\/wp-json\/"}],"wp:attachment":[{"href":"https:\/\/tvbelas.com\/tvbelas\/wp-json\/wp\/v2\/media?parent=7281"}],"wp:term":[{"taxonomy":"category","embeddable":true,"href":"https:\/\/tvbelas.com\/tvbelas\/wp-json\/wp\/v2\/categories?post=7281"},{"taxonomy":"post_tag","embeddable":true,"href":"https:\/\/tvbelas.com\/tvbelas\/wp-json\/wp\/v2\/tags?post=7281"}],"curies":[{"name":"wp","href":"https:\/\/api.w.org\/{rel}","templated":true}]}}