{"id":7297,"date":"2021-07-14T14:34:33","date_gmt":"2021-07-14T13:34:33","guid":{"rendered":"http:\/\/tvbelas.com\/tvbelas\/?p=7297"},"modified":"2021-07-14T14:34:33","modified_gmt":"2021-07-14T13:34:33","slug":"a-pandemia-do-novo-coronavirus-provocou-a-nivel-mundial-9-748-mortes-nas-ultimas-24-horas","status":"publish","type":"post","link":"https:\/\/tvbelas.com\/tvbelas\/noticias\/saude\/a-pandemia-do-novo-coronavirus-provocou-a-nivel-mundial-9-748-mortes-nas-ultimas-24-horas\/","title":{"rendered":"A PANDEMIA DO NOVO CORONAV\u00cdRUS PROVOCOU A N\u00cdVEL MUNDIAL 9.748 MORTES NAS \u00daLTIMAS 24 HORAS"},"content":{"rendered":"<p>Com o registo destas v\u00edtimas mortais nas \u00faltimas 24 horas \u00e0 escala mundial, a crise sanit\u00e1ria associada \u00e0 doen\u00e7a covid-19 j\u00e1 provocou, at\u00e9 \u00e0 data, pelo menos 4.053.041 mortes no mundo, de acordo com o mesmo balan\u00e7o.<\/p>\n<p>No total, e desde que o novo coronav\u00edrus (SARS-CoV-2) foi identificado na China em Dezembro de 2019, mais de 187.779.210 casos de infe\u00e7\u00e3o foram oficialmente diagnosticados em todo o mundo.<\/p>\n<p>Em termos di\u00e1rios, os n\u00fameros hoje divulgados est\u00e3o acima dos indicadores observados no dia anterior (6.764 mortos e 428.967 novos casos).<\/p>\n<p>A grande maioria dos pacientes recupera da doen\u00e7a covid-19, provocada pelo SARS-CoV-2, mas uma parte destas pessoas ainda relatam sentir alguns sintomas associados durante semanas ou mesmo at\u00e9 meses, segundo a ag\u00eancia noticiosa AFP.<\/p>\n<p>Os pa\u00edses que registaram mais mortes nas \u00faltimas 24 horas foram, e de acordo com os respetivos balan\u00e7os nacionais, o Brasil com 1.605 \u00f3bitos, a Indon\u00e9sia (991) e a R\u00fassia (786).<\/p>\n<p>Os Estados Unidos da Am\u00e9rica (EUA) continuam a ser o pa\u00eds mais afectado a n\u00edvel global, tanto em n\u00famero de mortos como de casos, com um total de 607.771 mortes entre 33.914.922 casos recenseados, segundo a contagem da universidade norte-americana Johns Hopkins.<\/p>\n<p>Depois dos EUA, a lista dos pa\u00edses mais afectados pela crise pand\u00e9mica em termos globais \u00e9 composta pelo Brasil (535.838 mortos e 19.151.993 casos), pela \u00cdndia (411.408 mortos e 30.946.074 casos), pelo M\u00e9xico (235.277 mortos e 2.604.711 casos) e pelo Per\u00fa (194.606 mortos e 2.083.567 casos).<\/p>\n<p>Segundo a an\u00e1lise da AFP, o Peru surge novamente como o pa\u00eds (ou territ\u00f3rio) que conta actualmente com mais mortos em rela\u00e7\u00e3o \u00e0 sua popula\u00e7\u00e3o, com 590 \u00f3bitos por cada 100.000 habitantes, seguido pela Hungria (311), B\u00f3snia-Herzegovina (295), Rep\u00fablica Checa (283) e Maced\u00f3nia do Norte (263).<\/p>\n<p>Por regi\u00f5es do mundo, a zona da Am\u00e9rica Latina e Cara\u00edbas concentra actualmente os dados de mortalidade mais altos, ao totalizar at\u00e9 hoje \u00e0s 10:00 TMG (hora local ) 1.316.675 mortes em 38.961.729 casos de infec\u00e7\u00e3o confirmados.<\/p>\n<p>Segue-se a Europa (1.182.743 mortes e 55.804.827 casos), os Estados Unidos e o Canad\u00e1 (634.221 mortes e 35.336.369 casos), a \u00c1sia (610.905 mortes e 41.859.674 casos), o M\u00e9dio Oriente (153.814 mortes e 9.725.951 casos), a \u00c1frica (153.507 mortes e 6.027.506 casos) e a Oce\u00e2nia (1.176 mortes e 63.158 casos).<\/p>\n<p>Este balan\u00e7o foi realizado a partir de dados recolhidos pelas delega\u00e7\u00f5es da AFP junto das autoridades nacionais competentes e de informa\u00e7\u00f5es da Organiza\u00e7\u00e3o Mundial da Sa\u00fade (OMS), excluindo as revis\u00f5es realizadas posteriormente por certos organismos de estat\u00edstica.<\/p>\n<p>A OMS calcula, tendo em conta o excesso de mortalidade ligada directa e indiretamente \u00e0 covid-19, que o balan\u00e7o da pandemia poder\u00e1 ser duas a tr\u00eas vezes superior ao registado oficialmente.<\/p>\n<p>Desde o in\u00edcio da pandemia, o n\u00famero de testes realizados aumentou significativamente e as t\u00e9cnicas de rastreamento e despistagem melhoraram, levando a um aumento no n\u00famero das infec\u00e7\u00f5es declaradas.<\/p>\n<p>No entanto, uma propor\u00e7\u00e3o significativa dos casos menos graves ou assintom\u00e1ticos n\u00e3o s\u00e3o detectados.<\/p>\n<p>Devido a correc\u00e7\u00f5es feitas pelas autoridades ou a notifica\u00e7\u00f5es tardias, o aumento dos n\u00fameros di\u00e1rios pode n\u00e3o corresponder exactamente aos dados publicados no dia anterior, segundo a ag\u00eancia noticiosa francesa.<\/p>\n","protected":false},"excerpt":{"rendered":"<p>Com o registo destas v\u00edtimas mortais nas \u00faltimas 24 horas \u00e0 escala mundial, a crise sanit\u00e1ria associada \u00e0 doen\u00e7a covid-19 j\u00e1 provocou, at\u00e9 \u00e0 data, pelo menos 4.053.041 mortes no mundo, de acordo com o mesmo balan\u00e7o. No total, e desde que o novo coronav\u00edrus (SARS-CoV-2) foi identificado na China em Dezembro de 2019, mais [&hellip;]<\/p>\n","protected":false},"author":1,"featured_media":7299,"comment_status":"open","ping_status":"open","sticky":false,"template":"","format":"standard","meta":{"footnotes":""},"categories":[14],"tags":[],"class_list":{"0":"post-7297","1":"post","2":"type-post","3":"status-publish","4":"format-standard","5":"has-post-thumbnail","7":"category-saude"},"amp_enabled":true,"_links":{"self":[{"href":"https:\/\/tvbelas.com\/tvbelas\/wp-json\/wp\/v2\/posts\/7297","targetHints":{"allow":["GET"]}}],"collection":[{"href":"https:\/\/tvbelas.com\/tvbelas\/wp-json\/wp\/v2\/posts"}],"about":[{"href":"https:\/\/tvbelas.com\/tvbelas\/wp-json\/wp\/v2\/types\/post"}],"author":[{"embeddable":true,"href":"https:\/\/tvbelas.com\/tvbelas\/wp-json\/wp\/v2\/users\/1"}],"replies":[{"embeddable":true,"href":"https:\/\/tvbelas.com\/tvbelas\/wp-json\/wp\/v2\/comments?post=7297"}],"version-history":[{"count":0,"href":"https:\/\/tvbelas.com\/tvbelas\/wp-json\/wp\/v2\/posts\/7297\/revisions"}],"wp:featuredmedia":[{"embeddable":true,"href":"https:\/\/tvbelas.com\/tvbelas\/wp-json\/"}],"wp:attachment":[{"href":"https:\/\/tvbelas.com\/tvbelas\/wp-json\/wp\/v2\/media?parent=7297"}],"wp:term":[{"taxonomy":"category","embeddable":true,"href":"https:\/\/tvbelas.com\/tvbelas\/wp-json\/wp\/v2\/categories?post=7297"},{"taxonomy":"post_tag","embeddable":true,"href":"https:\/\/tvbelas.com\/tvbelas\/wp-json\/wp\/v2\/tags?post=7297"}],"curies":[{"name":"wp","href":"https:\/\/api.w.org\/{rel}","templated":true}]}}