{"id":7301,"date":"2021-07-14T14:44:28","date_gmt":"2021-07-14T13:44:28","guid":{"rendered":"http:\/\/tvbelas.com\/tvbelas\/?p=7301"},"modified":"2021-07-14T14:44:28","modified_gmt":"2021-07-14T13:44:28","slug":"jair-bolsonaro-foi-internado-para-fazer-exames-devido-crise-de-solucos","status":"publish","type":"post","link":"https:\/\/tvbelas.com\/tvbelas\/noticias\/internacional\/jair-bolsonaro-foi-internado-para-fazer-exames-devido-crise-de-solucos\/","title":{"rendered":"JAIR BOLSONARO, FOI INTERNADO, PARA FAZER EXAMES  DEVIDO CRISE DE SOLU\u00c7OS"},"content":{"rendered":"<p>&#8220;O Presidente da Rep\u00fablica, Jair Bolsonaro, por orienta\u00e7\u00e3o de sua equipa m\u00e9dica, deu entrada no Hospital das For\u00e7as Armadas (HFA), em Bras\u00edlia, nesta quarta-feira para a realiza\u00e7\u00e3o de exames para investigar a causa dos solu\u00e7os&#8221;, l\u00ea-se no comunicado a que a Lusa teve acesso.<\/p>\n<p>&#8220;Por orienta\u00e7\u00e3o m\u00e9dica, o Presidente ficar\u00e1 sob observa\u00e7\u00e3o, no per\u00edodo de 24 a 48 horas, n\u00e3o necessariamente no hospital. Ele est\u00e1 animado&#8221; e encontra-se bem, acrescentou.<\/p>\n<p>Em fun\u00e7\u00e3o dos problemas m\u00e9dicos de Bolsonaro, foi cancelada a reuni\u00e3o que estava prevista para hoje (14) entre os presidentes dos Poderes Judici\u00e1rio, Executivo e Legislativo prevista e tamb\u00e9m outros compromissos do chefe de Estado brasileiro.<\/p>\n<p>&nbsp;<\/p>\n","protected":false},"excerpt":{"rendered":"<p>&#8220;O Presidente da Rep\u00fablica, Jair Bolsonaro, por orienta\u00e7\u00e3o de sua equipa m\u00e9dica, deu entrada no Hospital das For\u00e7as Armadas (HFA), em Bras\u00edlia, nesta quarta-feira para a realiza\u00e7\u00e3o de exames para investigar a causa dos solu\u00e7os&#8221;, l\u00ea-se no comunicado a que a Lusa teve acesso. &#8220;Por orienta\u00e7\u00e3o m\u00e9dica, o Presidente ficar\u00e1 sob observa\u00e7\u00e3o, no per\u00edodo de [&hellip;]<\/p>\n","protected":false},"author":1,"featured_media":7303,"comment_status":"open","ping_status":"open","sticky":false,"template":"","format":"standard","meta":{"footnotes":""},"categories":[22],"tags":[],"class_list":{"0":"post-7301","1":"post","2":"type-post","3":"status-publish","4":"format-standard","5":"has-post-thumbnail","7":"category-internacional"},"amp_enabled":true,"_links":{"self":[{"href":"https:\/\/tvbelas.com\/tvbelas\/wp-json\/wp\/v2\/posts\/7301","targetHints":{"allow":["GET"]}}],"collection":[{"href":"https:\/\/tvbelas.com\/tvbelas\/wp-json\/wp\/v2\/posts"}],"about":[{"href":"https:\/\/tvbelas.com\/tvbelas\/wp-json\/wp\/v2\/types\/post"}],"author":[{"embeddable":true,"href":"https:\/\/tvbelas.com\/tvbelas\/wp-json\/wp\/v2\/users\/1"}],"replies":[{"embeddable":true,"href":"https:\/\/tvbelas.com\/tvbelas\/wp-json\/wp\/v2\/comments?post=7301"}],"version-history":[{"count":0,"href":"https:\/\/tvbelas.com\/tvbelas\/wp-json\/wp\/v2\/posts\/7301\/revisions"}],"wp:featuredmedia":[{"embeddable":true,"href":"https:\/\/tvbelas.com\/tvbelas\/wp-json\/"}],"wp:attachment":[{"href":"https:\/\/tvbelas.com\/tvbelas\/wp-json\/wp\/v2\/media?parent=7301"}],"wp:term":[{"taxonomy":"category","embeddable":true,"href":"https:\/\/tvbelas.com\/tvbelas\/wp-json\/wp\/v2\/categories?post=7301"},{"taxonomy":"post_tag","embeddable":true,"href":"https:\/\/tvbelas.com\/tvbelas\/wp-json\/wp\/v2\/tags?post=7301"}],"curies":[{"name":"wp","href":"https:\/\/api.w.org\/{rel}","templated":true}]}}