{"id":7312,"date":"2021-07-15T09:20:41","date_gmt":"2021-07-15T08:20:41","guid":{"rendered":"http:\/\/tvbelas.com\/tvbelas\/?p=7312"},"modified":"2021-07-15T09:20:41","modified_gmt":"2021-07-15T08:20:41","slug":"seleccao-angolana-de-andebol-senior-feminino-ja-esta-no-japao-para-ambientacao-e-jogos-de-preparacao","status":"publish","type":"post","link":"https:\/\/tvbelas.com\/tvbelas\/noticias\/desporto\/seleccao-angolana-de-andebol-senior-feminino-ja-esta-no-japao-para-ambientacao-e-jogos-de-preparacao\/","title":{"rendered":"SELEC\u00c7\u00c3O ANGOLANA DE ANDEBOL S\u00c9NIOR FEMININO J\u00c1 EST\u00c1 NO JAP\u00c3O PARA AMBIENTA\u00c7\u00c3O E JOGOS DE PREPARA\u00c7\u00c3O."},"content":{"rendered":"<p>A comitiva angolana de andebol, chefiada pela vice presidente da federa\u00e7\u00e3o angolana, Nayr Almeida, j\u00e1 chegou ao Jap\u00e3o onde vai participar nos Jogos Ol\u00edmpicos de T\u00f3quio.<br \/>\nEntretanto, a chegada antecipara ao Pa\u00eds do sol nascente visa a adapta\u00e7\u00e3o ao clima, ao fuso hor\u00e1rio de mais oito horas e realizar tr\u00eas jogos de controlo durante o est\u00e1gio pr\u00e9-competitivo, na cidade japonesa de Tamana, diante de forma\u00e7\u00f5es do principal campeonato japon\u00eas, dando assim sequ\u00eancia a prepara\u00e7\u00e3o que baseia-se, sobretudo, na correc\u00e7\u00e3o de erros defensivos e constru\u00e7\u00e3o de jogadas ensaiadas, sem descurar a parte f\u00edsica.<br \/>\nLembramos que na v\u00e9spera da viajem que iniciou na 2\u00aafeira, o Chefe de Estado angolano, Jo\u00e3o Louren\u00e7o, procedeu, Domingo, \u00e0 entrega da Bandeira da Rep\u00fablica \u00e0 delega\u00e7\u00e3o do Pa\u00eds aos Jogos Ol\u00edmpicos e Paralimpicos de T\u00f3quio, Jap\u00e3o, exortando os seus integrantes a honrarem a Na\u00e7\u00e3o, independentemente do n\u00famero de medalhas.<br \/>\nJo\u00e3o Louren\u00e7o intervinha na cerim\u00f3nia de entrega da Bandeira da Rep\u00fablica e de despedida \u00e0 comitiva angolana aos Jogos Ol\u00edmpicos, a decorrer de 24 deste m\u00eas a 8 de Agosto, e tamb\u00e9m aos jogos Paralimpicos, de 24 de Agosto a 8 de Setembro, ambas competi\u00e7\u00f5es em T\u00f3quio.<br \/>\nO Presidente da Rep\u00fablica considerou merit\u00f3rio e um sonho de qualquer atleta representar o pa\u00eds em ambos eventos, lutando para a conquista das medalhas em disputa.<br \/>\nO presidente do Comit\u00e9 Ol\u00edmpico Angolano informou que dos 39 integrantes da delega\u00e7\u00e3o 23 s\u00e3o mulheres e 16 homens.<br \/>\nNos Jogos Paral\u00edmpicos, a decorrer de 24 de Agosto a 8 de Setembro, Angola vai participar com dois atletas classificados por m\u00e9rito, em atletismo. Desses atletas, uma tem defici\u00eancia visual e outro motora.<br \/>\nA porta-bandeira de Angola, nos Jogos Ol\u00edmpicos ser\u00e1 a andebolista Nat\u00e1lia Bernardo, que agradeceu o reconhecimento e considerou grande a responsabilidade que recebeu da irm\u00e3, que desempenhou o mesmo papel nas olimp\u00edadas anteriores.<br \/>\nNat\u00e1lia Bernardo disse que a comitiva angolana parte para T\u00f3quio com a expectativa de melhorar as marcas nacionais.<br \/>\nA judoca Neide Diassoma considerou um sonho e privil\u00e9gio para qualquer atleta fazer parte da comitiva.<br \/>\nNos Jogos Ol\u00edmpicos, Angola na modalidade de andebol , faz parte do grupo A com as selec\u00e7\u00f5es de Montenegro, Rep\u00fablica da Coreia e a anfitri\u00e3, Jap\u00e3o, advers\u00e1rios que est\u00e3o a ser analisados de forma pormenorizada pela equipa t\u00e9cnica nacional.<br \/>\nO combinado nacional marcar\u00e1 a s\u00e9tima presen\u00e7a nos jogos ol\u00edmpicos, desde a estreia em Atlanta&#8217;1996, nos Estados Unidos. Seguiram-se as edi\u00e7\u00f5es de Sidney&#8217;2000 (Austr\u00e1lia), Atenas&#8217;2004 (Gr\u00e9cia), Pequim&#8217;2008 (China), Londres&#8217;2012 (Inglaterra) e Rio de Janeiro&#8217;2016 (Brasil).<br \/>\nEis as atletas que representar\u00e3o o pa\u00eds nos Jogos de T\u00f3quio:<br \/>\nTeresa Almeida, Helena Sousa (guarda-redes), Albertina Cassoma, Liliana Ven\u00e2ncio (pivots), Helena Paulo, Isabel Guialo, Marilia Quizelete (centrais), Juliana Machado, Natalia Kamalandua (pontas direito), Nat\u00e1lia Bernardo (ponta esquerdo), Wuta Dombaxi, Azenaide Carlos (laterais direita), St\u00e9lvia Pascoal e Magda Cazanga (laterais esquerda).<\/p>\n","protected":false},"excerpt":{"rendered":"<p>A comitiva angolana de andebol, chefiada pela vice presidente da federa\u00e7\u00e3o angolana, Nayr Almeida, j\u00e1 chegou ao Jap\u00e3o onde vai participar nos Jogos Ol\u00edmpicos de T\u00f3quio. Entretanto, a chegada antecipara ao Pa\u00eds do sol nascente visa a adapta\u00e7\u00e3o ao clima, ao fuso hor\u00e1rio de mais oito horas e realizar tr\u00eas jogos de controlo durante o [&hellip;]<\/p>\n","protected":false},"author":1,"featured_media":7314,"comment_status":"open","ping_status":"open","sticky":false,"template":"","format":"standard","meta":{"footnotes":""},"categories":[19],"tags":[],"class_list":{"0":"post-7312","1":"post","2":"type-post","3":"status-publish","4":"format-standard","5":"has-post-thumbnail","7":"category-desporto"},"amp_enabled":true,"_links":{"self":[{"href":"https:\/\/tvbelas.com\/tvbelas\/wp-json\/wp\/v2\/posts\/7312","targetHints":{"allow":["GET"]}}],"collection":[{"href":"https:\/\/tvbelas.com\/tvbelas\/wp-json\/wp\/v2\/posts"}],"about":[{"href":"https:\/\/tvbelas.com\/tvbelas\/wp-json\/wp\/v2\/types\/post"}],"author":[{"embeddable":true,"href":"https:\/\/tvbelas.com\/tvbelas\/wp-json\/wp\/v2\/users\/1"}],"replies":[{"embeddable":true,"href":"https:\/\/tvbelas.com\/tvbelas\/wp-json\/wp\/v2\/comments?post=7312"}],"version-history":[{"count":0,"href":"https:\/\/tvbelas.com\/tvbelas\/wp-json\/wp\/v2\/posts\/7312\/revisions"}],"wp:featuredmedia":[{"embeddable":true,"href":"https:\/\/tvbelas.com\/tvbelas\/wp-json\/"}],"wp:attachment":[{"href":"https:\/\/tvbelas.com\/tvbelas\/wp-json\/wp\/v2\/media?parent=7312"}],"wp:term":[{"taxonomy":"category","embeddable":true,"href":"https:\/\/tvbelas.com\/tvbelas\/wp-json\/wp\/v2\/categories?post=7312"},{"taxonomy":"post_tag","embeddable":true,"href":"https:\/\/tvbelas.com\/tvbelas\/wp-json\/wp\/v2\/tags?post=7312"}],"curies":[{"name":"wp","href":"https:\/\/api.w.org\/{rel}","templated":true}]}}