{"id":7332,"date":"2021-07-16T07:51:42","date_gmt":"2021-07-16T06:51:42","guid":{"rendered":"http:\/\/tvbelas.com\/tvbelas\/?p=7332"},"modified":"2021-07-16T07:51:42","modified_gmt":"2021-07-16T06:51:42","slug":"acidente-de-viacao-causa-15-feridos-em-ndalatando-na-provincia-do-cuanza-norte","status":"publish","type":"post","link":"https:\/\/tvbelas.com\/tvbelas\/noticias\/sociedade\/acidente-de-viacao-causa-15-feridos-em-ndalatando-na-provincia-do-cuanza-norte\/","title":{"rendered":"ACIDENTE DE VIA\u00c7\u00c3O  CAUSA 15 FERIDOS EM NDALATANDO  NA PROV\u00cdNCIA DO CUANZA NORTE"},"content":{"rendered":"<p>O acidente resultou de despiste seguido de capotamento de uma viatura\u00a0que seguia viagem ao munic\u00edpio de Lucala, que dista a 36 quil\u00f3metros de Ndalatando, ao tentar fugir de um cami\u00e3o que circulava em sentido oposto.<\/p>\n<p>O motorista do cami\u00e3o continuou a viagem, colocando-se em fuga\u00a0ap\u00f3s o acidente.<\/p>\n<p>A informa\u00e7\u00e3o foi prestada pelo porta-voz do\u00a0Servi\u00e7o\u00a0de Protec\u00e7\u00e3o Civil e Bombeiros no Cuanza Norte, H\u00e9lder Milagre, adiantando que os feridos foram socorridos no hospital provincial, onde recebem tratamento m\u00e9dico.<\/p>\n<p>Por sua vez, o director cl\u00ednico do hospital provincial, Al\u00e9m Garcia, frisou que quatro dos 15 pacientes inspiram cuidados especializados e est\u00e3o internados na unidade de cuidados intensivos (UTI), por apresentarem traumatismo craniocef\u00e1lico grave.<\/p>\n<p>Nove est\u00e3o a receber atendimento nos servi\u00e7os de cirurgia e ortopedia com problemas de politraumatismo e fracturas, ao passo que um recebeu alta por n\u00e3o apresentar les\u00f5es, ap\u00f3s ser observado pelos m\u00e9dicos.<\/p>\n<p>De acordo com o porta-voz dos Servi\u00e7os de Protec\u00e7\u00e3o Civil e Bombeiros no Cuanza Norte, H\u00e9lder Milagre, ao longo da semana, para al\u00e9m deste, foram notificados tr\u00eas outros acidentes de via\u00e7\u00e3o.<\/p>\n<p>Trata-se de dois atropelamentos e uma colis\u00e3o, ocorridos no munic\u00edpio de Cambambe (Alto Dondo) e na localidade de Cacoso, munic\u00edpio de Lucala, respectivamente, que resultaram em seis feridos.<\/p>\n","protected":false},"excerpt":{"rendered":"<p>O acidente resultou de despiste seguido de capotamento de uma viatura\u00a0que seguia viagem ao munic\u00edpio de Lucala, que dista a 36 quil\u00f3metros de Ndalatando, ao tentar fugir de um cami\u00e3o que circulava em sentido oposto. O motorista do cami\u00e3o continuou a viagem, colocando-se em fuga\u00a0ap\u00f3s o acidente. A informa\u00e7\u00e3o foi prestada pelo porta-voz do\u00a0Servi\u00e7o\u00a0de Protec\u00e7\u00e3o [&hellip;]<\/p>\n","protected":false},"author":1,"featured_media":7334,"comment_status":"open","ping_status":"open","sticky":false,"template":"","format":"standard","meta":{"footnotes":""},"categories":[15],"tags":[],"class_list":{"0":"post-7332","1":"post","2":"type-post","3":"status-publish","4":"format-standard","5":"has-post-thumbnail","7":"category-sociedade"},"amp_enabled":true,"_links":{"self":[{"href":"https:\/\/tvbelas.com\/tvbelas\/wp-json\/wp\/v2\/posts\/7332","targetHints":{"allow":["GET"]}}],"collection":[{"href":"https:\/\/tvbelas.com\/tvbelas\/wp-json\/wp\/v2\/posts"}],"about":[{"href":"https:\/\/tvbelas.com\/tvbelas\/wp-json\/wp\/v2\/types\/post"}],"author":[{"embeddable":true,"href":"https:\/\/tvbelas.com\/tvbelas\/wp-json\/wp\/v2\/users\/1"}],"replies":[{"embeddable":true,"href":"https:\/\/tvbelas.com\/tvbelas\/wp-json\/wp\/v2\/comments?post=7332"}],"version-history":[{"count":0,"href":"https:\/\/tvbelas.com\/tvbelas\/wp-json\/wp\/v2\/posts\/7332\/revisions"}],"wp:featuredmedia":[{"embeddable":true,"href":"https:\/\/tvbelas.com\/tvbelas\/wp-json\/"}],"wp:attachment":[{"href":"https:\/\/tvbelas.com\/tvbelas\/wp-json\/wp\/v2\/media?parent=7332"}],"wp:term":[{"taxonomy":"category","embeddable":true,"href":"https:\/\/tvbelas.com\/tvbelas\/wp-json\/wp\/v2\/categories?post=7332"},{"taxonomy":"post_tag","embeddable":true,"href":"https:\/\/tvbelas.com\/tvbelas\/wp-json\/wp\/v2\/tags?post=7332"}],"curies":[{"name":"wp","href":"https:\/\/api.w.org\/{rel}","templated":true}]}}