{"id":7348,"date":"2021-07-16T10:53:11","date_gmt":"2021-07-16T09:53:11","guid":{"rendered":"http:\/\/tvbelas.com\/tvbelas\/?p=7348"},"modified":"2021-07-16T10:53:11","modified_gmt":"2021-07-16T09:53:11","slug":"abilio-kamalata-numa-diz-que-adlaberto-costa-junio-foi-eleito-com-legitimidade-e-soberania-dos-congressistas-da-unita","status":"publish","type":"post","link":"https:\/\/tvbelas.com\/tvbelas\/noticias\/politica-angola\/abilio-kamalata-numa-diz-que-adlaberto-costa-junio-foi-eleito-com-legitimidade-e-soberania-dos-congressistas-da-unita\/","title":{"rendered":"AB\u00cdLIO KAMALATA NUMA DIZ QUE ADLABERTO  COSTA J\u00daNIO FOI ELEITO, COM  LEGITIMIDADE E SOBERANIA DOS CONGRESSISTAS DA UNITA"},"content":{"rendered":"<p>Kamalata Numa Hist\u00f3rico do Galo Negro sai em defesa , do seu presidente Adalberto costa J\u00fanior, come\u00e7ou por dizer &#8220; Sou Dirigente da UNITA que concorreu a sua Direc\u00e7\u00e3o no seu XIII Congresso Ordin\u00e1rio. Sou Secret\u00e1rio dos Antigo Combatente e Veterano da P\u00e1tria do Partido que se prop\u00f5e ao seguinte:<br \/>\nPrimeiro &#8211; quebrar o sil\u00eancio sobre a confus\u00e3o que o MPLA pretende instalar na UNITA atrav\u00e9s dos seus agentes instalados no Partido e por si protegidos, durante anos depois da morte do Presidente Fundador;<br \/>\nSegundo Kamalata Numa &#8211; reafirmar que a legitimidade e soberania dos Congressos da UNITA est\u00e1 alinhada com a tradi\u00e7\u00e3o pol\u00edtica do Partido e com a Constitui\u00e7\u00e3o e demais leis vigentes na Rep\u00fablica de Angola;<br \/>\nKamalata Numa Salienta ainda que a elei\u00e7\u00e3o de Adalberto Costa J\u00fanior foi um acto que respeitou a legitimidade e soberania dos congressistas da UNITA, apurados num longo processo de Confer\u00eancias Prov\u00edncias devidamente organizadas pelo Comit\u00e9 Permanente que criou \u00d3rg\u00e3os Preparat\u00f3rios do Congresso que apuraram tamb\u00e9m os concorrentes a Presid\u00eancia do Partido num processo que envolveu a entrega de documenta\u00e7\u00e3o exigida e confirmada pelo Comit\u00e9 Permanente dirigido na altura pelo ex-Presidente Isa\u00edas Henrique Ngola Samakuva.<br \/>\nO Hist\u00f3rico Acrescenta qu, este ciclo ficou encerrado com a resposta do Tribunal Constitucional que validou o XIII Congresso Ordin\u00e1rio da UNITA, deu legalidade aos \u00d3rg\u00e3os sa\u00eddos deste congresso (Comiss\u00e3o Pol\u00edtica, Comit\u00e9 Permanente, Presidente do Partido, Vices Presidentes do Partido, Secret\u00e1rio Geral do Partido e seus Secret\u00e1rios Geral Adjuntos) e legalidade de ac\u00e7\u00e3o em todo territ\u00f3rio nacional;<br \/>\nKamalata Numa diz que, em face ao momento ent\u00e3o criado, porventura o mais delicado, no plano institucional, depois da morte do Predidente Fundador Dr. Jonas Malheiro Savimbi, tenho sido instado pelos Antigos Combatentes e Veteranos da P\u00e1tria a pronunciar-me sobre esta situa\u00e7\u00e3o. Assim, aproveito faz\u00ea-lo agora pelas seguintes raz\u00f5es:<br \/>\nPela raz\u00e3o do lawfare, sobre este assunto, preparado pelo MPLA e executado pelos seus agentes no seio da UNITA estar a seguir um curso que tem desviado a aten\u00e7\u00e3o dos angolanos de se concentrarem nas prioridades nacionais (combate a covid-19 e as consequ\u00eancias pol\u00edticas, sociais, econ\u00f3micas e culturais por si provocadas, os preparativos para as elei\u00e7\u00f5es aut\u00e1rquicas e gerais, a luta contra a corrup\u00e7\u00e3o e adop\u00e7\u00e3o de pol\u00edticas de desenvolvimento, reconcilia\u00e7\u00e3o e estabilidade do pa\u00eds) e fundamentalmente pela fome e mis\u00e9ria que grassa em Angola;<br \/>\nPela raz\u00e3o do exerc\u00edcio da cidadania angolana e a milit\u00e2ncia na UNITA que considero n\u00e3o se compadecerem com alheamento ou sil\u00eancio. Seria uma posi\u00e7\u00e3o comodista, cobarde mesmo, nada consent\u00e2nea com a minha personalidade e o meu sentido de responsabilidade. Por isso, pe\u00e7o o mesmo a todos que tiveram responsabilidades com a realiza\u00e7\u00e3o do XIII Congresso Ordin\u00e1rio da UNITA ou na mesma condi\u00e7\u00e3o que a minha;<br \/>\nPela raz\u00e3o das elei\u00e7\u00f5es em Angola estarem no horizonte pr\u00f3ximo e a exigirem sentido republicano que afaste todas as d\u00favidas de fraude para definitivamente o pa\u00eds entrar na l\u00f3gica de governabilidade com padr\u00f5es democr\u00e1ticos e de direitos adultos.<br \/>\nPor fim o Hist\u00f3rico e general da UNITA Kamalata Numa , convida todos os Antigos Combatentes e Veteranos da P\u00e1tria a seguirem de perto os desenvolvimentos pol\u00edticos na UNITA na sua rela\u00e7\u00e3o com o MPLA e os tribunais por si manipulados. N\u00f3s n\u00e3o vamos receber li\u00e7\u00f5es de que mal sabe organizar elei\u00e7\u00f5es multipartid\u00e1rias e com m\u00faltiplas candidaturas. Tamb\u00e9m n\u00e3o fugiremos nunca o respeito a legalidade e a legitimidade exigidas pelas leis.<\/p>\n","protected":false},"excerpt":{"rendered":"<p>Kamalata Numa Hist\u00f3rico do Galo Negro sai em defesa , do seu presidente Adalberto costa J\u00fanior, come\u00e7ou por dizer &#8220; Sou Dirigente da UNITA que concorreu a sua Direc\u00e7\u00e3o no seu XIII Congresso Ordin\u00e1rio. Sou Secret\u00e1rio dos Antigo Combatente e Veterano da P\u00e1tria do Partido que se prop\u00f5e ao seguinte: Primeiro &#8211; quebrar o sil\u00eancio [&hellip;]<\/p>\n","protected":false},"author":1,"featured_media":7342,"comment_status":"open","ping_status":"open","sticky":false,"template":"","format":"standard","meta":{"footnotes":""},"categories":[12],"tags":[],"class_list":{"0":"post-7348","1":"post","2":"type-post","3":"status-publish","4":"format-standard","5":"has-post-thumbnail","7":"category-politica-angola"},"amp_enabled":true,"_links":{"self":[{"href":"https:\/\/tvbelas.com\/tvbelas\/wp-json\/wp\/v2\/posts\/7348","targetHints":{"allow":["GET"]}}],"collection":[{"href":"https:\/\/tvbelas.com\/tvbelas\/wp-json\/wp\/v2\/posts"}],"about":[{"href":"https:\/\/tvbelas.com\/tvbelas\/wp-json\/wp\/v2\/types\/post"}],"author":[{"embeddable":true,"href":"https:\/\/tvbelas.com\/tvbelas\/wp-json\/wp\/v2\/users\/1"}],"replies":[{"embeddable":true,"href":"https:\/\/tvbelas.com\/tvbelas\/wp-json\/wp\/v2\/comments?post=7348"}],"version-history":[{"count":0,"href":"https:\/\/tvbelas.com\/tvbelas\/wp-json\/wp\/v2\/posts\/7348\/revisions"}],"wp:featuredmedia":[{"embeddable":true,"href":"https:\/\/tvbelas.com\/tvbelas\/wp-json\/"}],"wp:attachment":[{"href":"https:\/\/tvbelas.com\/tvbelas\/wp-json\/wp\/v2\/media?parent=7348"}],"wp:term":[{"taxonomy":"category","embeddable":true,"href":"https:\/\/tvbelas.com\/tvbelas\/wp-json\/wp\/v2\/categories?post=7348"},{"taxonomy":"post_tag","embeddable":true,"href":"https:\/\/tvbelas.com\/tvbelas\/wp-json\/wp\/v2\/tags?post=7348"}],"curies":[{"name":"wp","href":"https:\/\/api.w.org\/{rel}","templated":true}]}}