{"id":7362,"date":"2021-07-16T21:51:30","date_gmt":"2021-07-16T20:51:30","guid":{"rendered":"http:\/\/tvbelas.com\/tvbelas\/?p=7362"},"modified":"2021-07-16T21:51:30","modified_gmt":"2021-07-16T20:51:30","slug":"a-seleccao-angolana-senior-feminina-de-andebol-ja-treina-em-tamana-japao","status":"publish","type":"post","link":"https:\/\/tvbelas.com\/tvbelas\/noticias\/desporto\/a-seleccao-angolana-senior-feminina-de-andebol-ja-treina-em-tamana-japao\/","title":{"rendered":"A SELEC\u00c7\u00c3O ANGOLANA S\u00c9NIOR FEMININA DE ANDEBOL J\u00c1 TREINA EM TAMANA, JAP\u00c3O."},"content":{"rendered":"<p>Tendo em vista uma participa\u00e7\u00e3o condigna nos Jogos Ol\u00edmpicos de T\u00f3quio, de 23 de Julho a 8 de Agosto pr\u00f3ximo, \u00e1s actuais campe\u00e3s africanas iniciaram a realiza\u00e7\u00e3o do \u00faltimo ciclo prepara\u00e7\u00e3o, j\u00e1 na cidade Japonesa de Tamana, ao abrigo de um acordo assinado entre a cidade de Tamana e o COA (Comit\u00e9 Ol\u00edmpico Angolano).<br \/>\nAs andebolistas fazem parte do 1\u00ba grupo da delega\u00e7\u00e3o ol\u00edmpica angolana que chegou quarta-feira a T\u00f3quio, juntamente com a selec\u00e7\u00e3o masculina de vela.<br \/>\nNa quarta-feira, \u00e0 chegada a T\u00f3quio, o grupo, encabe\u00e7ado pelo chefe da miss\u00e3o ol\u00edmpica, M\u00e1rio Rosa, foi recebido no aeroporto pelo embaixador de Angola no Jap\u00e3o, Rui Xavier, e outros integrantes do corpo diplom\u00e1tico.<br \/>\nAl\u00e9m do Andebol feminino e vela, Angola participa nos Jogos Ol\u00edmpicos T\u00f3quio 2020, a decorrer de 23 de Julho a 8 de Agosto de 2021, com nata\u00e7\u00e3o, judo e atletismo .<br \/>\nA porta-bandeira de Angola, ser\u00e1 a andebolista Nat\u00e1lia Bernardo, que agradeceu o reconhecimento e considerou grande a responsabilidade que recebeu da irm\u00e3 Luisa Kiala, que desempenhou o mesmo papel nas olimp\u00edadas anteriores .<br \/>\nNos pr\u00f3ximos dias chegam a T\u00f3quio, os restantes atletas, assim como a chefe da delega\u00e7\u00e3o angolana, a ministra da Juventude e Desportos, Ana Paula do Sacramento, o presidente do COA, Gustavo da Concei\u00e7\u00e3o, e o secret\u00e1rio-geral do mesmo organismo, Ant\u00f3nio Monteiro.<br \/>\nDesde 1980 que Angola participa nos jogos ol\u00edmpicos (10 participa\u00e7\u00f5es), exceptuando os de Los Angeles, em 1984.<\/p>\n","protected":false},"excerpt":{"rendered":"<p>Tendo em vista uma participa\u00e7\u00e3o condigna nos Jogos Ol\u00edmpicos de T\u00f3quio, de 23 de Julho a 8 de Agosto pr\u00f3ximo, \u00e1s actuais campe\u00e3s africanas iniciaram a realiza\u00e7\u00e3o do \u00faltimo ciclo prepara\u00e7\u00e3o, j\u00e1 na cidade Japonesa de Tamana, ao abrigo de um acordo assinado entre a cidade de Tamana e o COA (Comit\u00e9 Ol\u00edmpico Angolano). As [&hellip;]<\/p>\n","protected":false},"author":1,"featured_media":7367,"comment_status":"open","ping_status":"open","sticky":false,"template":"","format":"gallery","meta":{"footnotes":""},"categories":[19],"tags":[],"class_list":{"0":"post-7362","1":"post","2":"type-post","3":"status-publish","4":"format-gallery","5":"has-post-thumbnail","7":"category-desporto","8":"post_format-post-format-gallery"},"amp_enabled":true,"_links":{"self":[{"href":"https:\/\/tvbelas.com\/tvbelas\/wp-json\/wp\/v2\/posts\/7362","targetHints":{"allow":["GET"]}}],"collection":[{"href":"https:\/\/tvbelas.com\/tvbelas\/wp-json\/wp\/v2\/posts"}],"about":[{"href":"https:\/\/tvbelas.com\/tvbelas\/wp-json\/wp\/v2\/types\/post"}],"author":[{"embeddable":true,"href":"https:\/\/tvbelas.com\/tvbelas\/wp-json\/wp\/v2\/users\/1"}],"replies":[{"embeddable":true,"href":"https:\/\/tvbelas.com\/tvbelas\/wp-json\/wp\/v2\/comments?post=7362"}],"version-history":[{"count":0,"href":"https:\/\/tvbelas.com\/tvbelas\/wp-json\/wp\/v2\/posts\/7362\/revisions"}],"wp:featuredmedia":[{"embeddable":true,"href":"https:\/\/tvbelas.com\/tvbelas\/wp-json\/"}],"wp:attachment":[{"href":"https:\/\/tvbelas.com\/tvbelas\/wp-json\/wp\/v2\/media?parent=7362"}],"wp:term":[{"taxonomy":"category","embeddable":true,"href":"https:\/\/tvbelas.com\/tvbelas\/wp-json\/wp\/v2\/categories?post=7362"},{"taxonomy":"post_tag","embeddable":true,"href":"https:\/\/tvbelas.com\/tvbelas\/wp-json\/wp\/v2\/tags?post=7362"}],"curies":[{"name":"wp","href":"https:\/\/api.w.org\/{rel}","templated":true}]}}