{"id":7382,"date":"2021-07-17T11:34:53","date_gmt":"2021-07-17T10:34:53","guid":{"rendered":"http:\/\/tvbelas.com\/tvbelas\/?p=7382"},"modified":"2021-07-17T11:34:53","modified_gmt":"2021-07-17T10:34:53","slug":"joao-lourenco-defende-a-vitalidade-da-cplp-como-plataforma-multilateral-de-concertacao-de-ideias","status":"publish","type":"post","link":"https:\/\/tvbelas.com\/tvbelas\/noticias\/politica-angola\/joao-lourenco-defende-a-vitalidade-da-cplp-como-plataforma-multilateral-de-concertacao-de-ideias\/","title":{"rendered":"JO\u00c3O LOUREN\u00c7O, DEFENDE, A VITALIDADE DA CPLP COMO PLATAFORMA MULTILATERAL DE  CONCERTA\u00c7\u00c3O DE IDEIAS"},"content":{"rendered":"<p>Na sess\u00e3o\u00a0solene de abertura da\u00a0\u00a0XIII Confer\u00eancia de Chefes de Estado e de Governo da Comunidade dos Pa\u00edses de L\u00edngua Portuguesa (CPLP), Jo\u00e3o\u00a0Louren\u00e7o disse que o conclave vai definir o rumo a seguir pela organiza\u00e7\u00e3o nos pr\u00f3ximos\u00a0dois anos.<\/p>\n<p>Agradeceu e saudou\u00a0a presen\u00e7a de todos, sublinhando\u00a0as dificuldades e constrangimentos de viagens a que a pandemia da covid-19 obriga a todos nos dias de hoje.<\/p>\n<p>Desejou, em nome do povo angolano, boas-vindas e pediu que desfrutem da hospitalidade, amizade\u00a0 e solidariedade dos\u00a0angolanos.<\/p>\n<p>Na sexta-feira, o Conselho de Ministros da CPLP aprovou o Acordo de Mobilidade que ser\u00e1\u00a0hoje formalizado pelos\u00a0Chefes de Estados e de Governo dos nove Estados-membros da comunidade.<\/p>\n<p>Nesta Cimeira, Angola ir\u00e1 assumir\u00a0a Presid\u00eancia rotativa da CPLP durante dois anos, tendo como lema &#8220;Construir e fortalecer um Futuro Comum e Sustent\u00e1vel&#8221;.<\/p>\n<p>Integram a CPLP Angola, Brasil, Cabo Verde, Guin\u00e9-Bissau,\u00a0Guin\u00e9 Equatorial, Mo\u00e7ambique, Portugal, S\u00e3o Tom\u00e9 e Pr\u00edncipe e Timor-Leste.<\/p>\n","protected":false},"excerpt":{"rendered":"<p>Na sess\u00e3o\u00a0solene de abertura da\u00a0\u00a0XIII Confer\u00eancia de Chefes de Estado e de Governo da Comunidade dos Pa\u00edses de L\u00edngua Portuguesa (CPLP), Jo\u00e3o\u00a0Louren\u00e7o disse que o conclave vai definir o rumo a seguir pela organiza\u00e7\u00e3o nos pr\u00f3ximos\u00a0dois anos. Agradeceu e saudou\u00a0a presen\u00e7a de todos, sublinhando\u00a0as dificuldades e constrangimentos de viagens a que a pandemia da covid-19 [&hellip;]<\/p>\n","protected":false},"author":1,"featured_media":5615,"comment_status":"open","ping_status":"open","sticky":false,"template":"","format":"standard","meta":{"footnotes":""},"categories":[12],"tags":[],"class_list":{"0":"post-7382","1":"post","2":"type-post","3":"status-publish","4":"format-standard","5":"has-post-thumbnail","7":"category-politica-angola"},"amp_enabled":true,"_links":{"self":[{"href":"https:\/\/tvbelas.com\/tvbelas\/wp-json\/wp\/v2\/posts\/7382","targetHints":{"allow":["GET"]}}],"collection":[{"href":"https:\/\/tvbelas.com\/tvbelas\/wp-json\/wp\/v2\/posts"}],"about":[{"href":"https:\/\/tvbelas.com\/tvbelas\/wp-json\/wp\/v2\/types\/post"}],"author":[{"embeddable":true,"href":"https:\/\/tvbelas.com\/tvbelas\/wp-json\/wp\/v2\/users\/1"}],"replies":[{"embeddable":true,"href":"https:\/\/tvbelas.com\/tvbelas\/wp-json\/wp\/v2\/comments?post=7382"}],"version-history":[{"count":0,"href":"https:\/\/tvbelas.com\/tvbelas\/wp-json\/wp\/v2\/posts\/7382\/revisions"}],"wp:featuredmedia":[{"embeddable":true,"href":"https:\/\/tvbelas.com\/tvbelas\/wp-json\/"}],"wp:attachment":[{"href":"https:\/\/tvbelas.com\/tvbelas\/wp-json\/wp\/v2\/media?parent=7382"}],"wp:term":[{"taxonomy":"category","embeddable":true,"href":"https:\/\/tvbelas.com\/tvbelas\/wp-json\/wp\/v2\/categories?post=7382"},{"taxonomy":"post_tag","embeddable":true,"href":"https:\/\/tvbelas.com\/tvbelas\/wp-json\/wp\/v2\/tags?post=7382"}],"curies":[{"name":"wp","href":"https:\/\/api.w.org\/{rel}","templated":true}]}}