{"id":7387,"date":"2021-07-17T15:57:39","date_gmt":"2021-07-17T14:57:39","guid":{"rendered":"http:\/\/tvbelas.com\/tvbelas\/?p=7387"},"modified":"2021-07-17T15:57:39","modified_gmt":"2021-07-17T14:57:39","slug":"nelito-ekuikui-o-tira-sono-depois-de-frustrar-tentativa-de-corrupcao-de-22-milhoes-de-kwanzas-e-recebido-em-ambienta-de-euforia-em-viana","status":"publish","type":"post","link":"https:\/\/tvbelas.com\/tvbelas\/noticias\/politica-angola\/nelito-ekuikui-o-tira-sono-depois-de-frustrar-tentativa-de-corrupcao-de-22-milhoes-de-kwanzas-e-recebido-em-ambienta-de-euforia-em-viana\/","title":{"rendered":"NELITO EKUIKUI O \u201c TIRA SONO\u201d DEPOIS DE FRUSTRAR TENTATIVA DE CORRUP\u00c7\u00c3O DE 22 MILH\u00d5ES DE KWANZAS, \u00c9 RECEBIDO EM AMBIENTA DE EUFORIA EM VIANA"},"content":{"rendered":"<p>O Secret\u00e1rio Provincial do Galo Negro, Nelito Ekuikui, e os membros do seu executivo trabalharam neste s\u00e1bado no mun\u00edcipio sat\u00e9lite em Viana , e levou consigo a mensagem da Altern\u00e2ncia.<br \/>\nNelito Ekuikui conhecido por tirar, o sono aos seus advers\u00e1rios, acompanhado pelos militantes do seu partido, participou de um encontro de quadros do seu partido em Viana numa intensa jornada de contacto directo com as popula\u00e7\u00f5es, Nelito Ekuikui levou na sua bagagem a mensagem de esperan\u00e7a e f\u00e9 para a constru\u00e7\u00e3o de um amanh\u00e3 pr\u00f3spero.<br \/>\nSecret\u00e1rio Provincial do galo negro, Teceu ainda durante a sua visita. os angolanos e a UNITA , encorajamos todos a manter firmeza e cren\u00e7a no futuro, que vai ser constru\u00eddo por n\u00f3s. e o clima da mudan\u00e7a sente-se no cora\u00e7\u00e3o de todos os filhos desta P\u00e1tria.<br \/>\nO ambiente de euforia pelos militantes e simpatizantes do Partido, em Viana, Nelito Ekuikui agradeceu o apoio e renovou o compromisso de sempre trabalhar pelo povo e para o povo<br \/>\nO Secret\u00e1rio Provincial da UNITA em luanda, Nelito Ekuikui quando falava numa intensa jornada de contacto directo com as popula\u00e7\u00f5es, em viana depois de frustra tentativa de corrup\u00e7\u00e3o de 22 milh\u00f5es de kwanzas<\/p>\n","protected":false},"excerpt":{"rendered":"<p>O Secret\u00e1rio Provincial do Galo Negro, Nelito Ekuikui, e os membros do seu executivo trabalharam neste s\u00e1bado no mun\u00edcipio sat\u00e9lite em Viana , e levou consigo a mensagem da Altern\u00e2ncia. Nelito Ekuikui conhecido por tirar, o sono aos seus advers\u00e1rios, acompanhado pelos militantes do seu partido, participou de um encontro de quadros do seu partido [&hellip;]<\/p>\n","protected":false},"author":1,"featured_media":7397,"comment_status":"open","ping_status":"open","sticky":false,"template":"","format":"gallery","meta":{"footnotes":""},"categories":[12],"tags":[],"class_list":{"0":"post-7387","1":"post","2":"type-post","3":"status-publish","4":"format-gallery","5":"has-post-thumbnail","7":"category-politica-angola","8":"post_format-post-format-gallery"},"amp_enabled":true,"_links":{"self":[{"href":"https:\/\/tvbelas.com\/tvbelas\/wp-json\/wp\/v2\/posts\/7387","targetHints":{"allow":["GET"]}}],"collection":[{"href":"https:\/\/tvbelas.com\/tvbelas\/wp-json\/wp\/v2\/posts"}],"about":[{"href":"https:\/\/tvbelas.com\/tvbelas\/wp-json\/wp\/v2\/types\/post"}],"author":[{"embeddable":true,"href":"https:\/\/tvbelas.com\/tvbelas\/wp-json\/wp\/v2\/users\/1"}],"replies":[{"embeddable":true,"href":"https:\/\/tvbelas.com\/tvbelas\/wp-json\/wp\/v2\/comments?post=7387"}],"version-history":[{"count":0,"href":"https:\/\/tvbelas.com\/tvbelas\/wp-json\/wp\/v2\/posts\/7387\/revisions"}],"wp:featuredmedia":[{"embeddable":true,"href":"https:\/\/tvbelas.com\/tvbelas\/wp-json\/"}],"wp:attachment":[{"href":"https:\/\/tvbelas.com\/tvbelas\/wp-json\/wp\/v2\/media?parent=7387"}],"wp:term":[{"taxonomy":"category","embeddable":true,"href":"https:\/\/tvbelas.com\/tvbelas\/wp-json\/wp\/v2\/categories?post=7387"},{"taxonomy":"post_tag","embeddable":true,"href":"https:\/\/tvbelas.com\/tvbelas\/wp-json\/wp\/v2\/tags?post=7387"}],"curies":[{"name":"wp","href":"https:\/\/api.w.org\/{rel}","templated":true}]}}