{"id":7403,"date":"2021-07-17T18:36:21","date_gmt":"2021-07-17T17:36:21","guid":{"rendered":"http:\/\/tvbelas.com\/tvbelas\/?p=7403"},"modified":"2021-07-17T18:36:21","modified_gmt":"2021-07-17T17:36:21","slug":"alusivo-ao-33-aniversario-da-tcul-ep-o-conselho-de-administracao-realizou-uma-campanha-de-sensibilizacao-nas-paragens-de-luanda","status":"publish","type":"post","link":"https:\/\/tvbelas.com\/tvbelas\/noticias\/sociedade\/alusivo-ao-33-aniversario-da-tcul-ep-o-conselho-de-administracao-realizou-uma-campanha-de-sensibilizacao-nas-paragens-de-luanda\/","title":{"rendered":"ALUSIVO AO 33\u00b0 ANIVERS\u00c1RIO DA TCUL-EP, O CONSELHO DE ADMINISTRA\u00c7\u00c3O, REALIZOU UMA CAMPANHA DE SENSIBILIZA\u00c7\u00c3O NAS PARAGENS DE LUANDA"},"content":{"rendered":"<p>No \u00e2mbito do 33\u00b0 anivers\u00e1rio da empresa p\u00fablica de trasnporte de luanda TCUL, decorreu nesta sexta-feira uma campanha de sensibiliza\u00e7\u00e3o junto a popula\u00e7\u00e3o concernente as medidas de bio seguran\u00e7a.<br \/>\nNa ocasi\u00e3o, o Presidente do Conselho de Administra\u00e7\u00e3o Pedro Pereira, apresentou as estrat\u00e9gias que a empresa tem estado a implementar nos autocarros, que visam a preven\u00e7\u00e3o da propaga\u00e7\u00e3o do V\u00edrus Covid 19 e as suas mais distintas estirpes.<\/p>\n<p>Foi ainda de forma oficial, apresentado aos org\u00e3os de comunica\u00e7\u00e3o social, o sistema de elevadores instalados na frota Volvo, que facilitam o embarque de utentes cadeirantes, Pedro Pereira deu assim maiores detalhes, e como os respectivos elevadores funcionam.<br \/>\ne de seguida foi apresentado o projecto piloto dos dispensadores de \u00e1lcool em gel, que foram instalados no Interior de dois (2) autocarros, para fazer face ao Decreto Presidencial n\u00b0 150\/21 de 11 de Junho.<br \/>\no Conselho de Administra\u00e7\u00e3o, Directores, Assessores, chefias interm\u00e9dias e o Sindicato da empresa, liderados pelo PCA Pedro Pereira, juntos distribu\u00edram flyers, com informa\u00e7\u00f5es concernente a capacidade de lota\u00e7\u00e3o dos autocarros, vigente no \u00faltimo decreto.<\/p>\n<p>O PCA Pedro Pereira , aproveitou o momento para parabenizar todos os trabalhadores.<\/p>\n","protected":false},"excerpt":{"rendered":"<p>No \u00e2mbito do 33\u00b0 anivers\u00e1rio da empresa p\u00fablica de trasnporte de luanda TCUL, decorreu nesta sexta-feira uma campanha de sensibiliza\u00e7\u00e3o junto a popula\u00e7\u00e3o concernente as medidas de bio seguran\u00e7a. Na ocasi\u00e3o, o Presidente do Conselho de Administra\u00e7\u00e3o Pedro Pereira, apresentou as estrat\u00e9gias que a empresa tem estado a implementar nos autocarros, que visam a preven\u00e7\u00e3o [&hellip;]<\/p>\n","protected":false},"author":1,"featured_media":7410,"comment_status":"open","ping_status":"open","sticky":false,"template":"","format":"gallery","meta":{"footnotes":""},"categories":[15],"tags":[],"class_list":{"0":"post-7403","1":"post","2":"type-post","3":"status-publish","4":"format-gallery","5":"has-post-thumbnail","7":"category-sociedade","8":"post_format-post-format-gallery"},"amp_enabled":true,"_links":{"self":[{"href":"https:\/\/tvbelas.com\/tvbelas\/wp-json\/wp\/v2\/posts\/7403","targetHints":{"allow":["GET"]}}],"collection":[{"href":"https:\/\/tvbelas.com\/tvbelas\/wp-json\/wp\/v2\/posts"}],"about":[{"href":"https:\/\/tvbelas.com\/tvbelas\/wp-json\/wp\/v2\/types\/post"}],"author":[{"embeddable":true,"href":"https:\/\/tvbelas.com\/tvbelas\/wp-json\/wp\/v2\/users\/1"}],"replies":[{"embeddable":true,"href":"https:\/\/tvbelas.com\/tvbelas\/wp-json\/wp\/v2\/comments?post=7403"}],"version-history":[{"count":0,"href":"https:\/\/tvbelas.com\/tvbelas\/wp-json\/wp\/v2\/posts\/7403\/revisions"}],"wp:featuredmedia":[{"embeddable":true,"href":"https:\/\/tvbelas.com\/tvbelas\/wp-json\/"}],"wp:attachment":[{"href":"https:\/\/tvbelas.com\/tvbelas\/wp-json\/wp\/v2\/media?parent=7403"}],"wp:term":[{"taxonomy":"category","embeddable":true,"href":"https:\/\/tvbelas.com\/tvbelas\/wp-json\/wp\/v2\/categories?post=7403"},{"taxonomy":"post_tag","embeddable":true,"href":"https:\/\/tvbelas.com\/tvbelas\/wp-json\/wp\/v2\/tags?post=7403"}],"curies":[{"name":"wp","href":"https:\/\/api.w.org\/{rel}","templated":true}]}}