{"id":7418,"date":"2021-07-17T19:17:45","date_gmt":"2021-07-17T18:17:45","guid":{"rendered":"http:\/\/tvbelas.com\/tvbelas\/?p=7418"},"modified":"2021-07-17T19:17:45","modified_gmt":"2021-07-17T18:17:45","slug":"os-estados-unidos-da-america-qatar-cote-divoire-espanha-e-o-g7-sao-observadores-associados-da-comunidade-dos-paises-de-lingua-portuguesa-cplp","status":"publish","type":"post","link":"https:\/\/tvbelas.com\/tvbelas\/noticias\/politica-angola\/os-estados-unidos-da-america-qatar-cote-divoire-espanha-e-o-g7-sao-observadores-associados-da-comunidade-dos-paises-de-lingua-portuguesa-cplp\/","title":{"rendered":"OS ESTADOS UNIDOS DA AM\u00c9RICA, QATAR, C\u00d4TE D&#8217;IVOIRE, ESPANHA E O G7+ S\u00c3O OBSERVADORES ASSOCIADOS DA COMUNIDADE DOS PA\u00cdSES DE L\u00cdNGUA PORTUGUESA (CPLP)."},"content":{"rendered":"<p>A XIII Confer\u00eancia dos Chefes de Estado e de Governo da CPLP aprovou igualmente a ades\u00e3o da Irlanda, Per\u00fa, Gr\u00e9cia,\u00a0Rom\u00e9nia, a Confer\u00eancia\u00a0Ibero-Americana e a Organiza\u00e7\u00e3o\u00a0Europeia de Direito P\u00fablico.<\/p>\n<p>Na categoria de observador consultivo, foram aaprovados a Associa\u00e7\u00e3o de Docentes de Portugu\u00eas na Galiza, a ProCult &#8211; Organiza\u00e7\u00e3o Angolana de Incentivos ao Investimento Privado no Sector da Cultura, a Associa\u00e7\u00e3o de Farmac\u00eauticos dos Pa\u00edses de L\u00edngua Portuguesa (AFPLP), a Federa\u00e7\u00e3o de Advogados de L\u00edngua Portuguesa (FALP) e a Funda\u00e7\u00e3o Cidade de Lisboa.<\/p>\n<p>Para embaixadores de boa vontade da\u00a0CPLP, com um mandato de quatro anos, renov\u00e1vel por iguais per\u00edodos, foram nomeados Leonardo Santos Sim\u00e3o, na \u00e1rea da concerta\u00e7\u00e3o pol\u00edtico-diplom\u00e1tica, Filipe Silvino de Pina Zau, na l\u00edngua portuguesa, Nelson \u00c9vora e Patr\u00edcia Mamona, para juventude, desporto e igualdade de g\u00e9nero.<\/p>\n<p>A Confer\u00eancia expressou um &#8220;Voto de Apre\u00e7o&#8221; ao embaixador Francisco Ribeiro Telles pela dedica\u00e7\u00e3o, elevada compet\u00eancia e determina\u00e7\u00e3o, como serviu a CPLP, no seu mandato de secret\u00e1rio executivo da organiza\u00e7\u00e3o, entre Janeiro de 2019 e Julho de 2021.<\/p>\n<p>Os Chefes de Estado e de Governo reconheceram o papel activo de Francisco Rebelo Telles, na prossecu\u00e7\u00e3o dos objectivos, princ\u00edpios e valores da comunidade na aproxima\u00e7\u00e3o aos seus cidad\u00e3os, bem como o seu valioso contributo na projec\u00e7\u00e3o internacional da organiza\u00e7\u00e3o, atrav\u00e9s do refor\u00e7o do di\u00e1logo e das parcerias com organiza\u00e7\u00f5es cong\u00e9neres em temas de interesse comum.<\/p>\n<p>Sob o lema &#8220;Construir e fortalecer um futuro comum e sustent\u00e1vel&#8221;, durante a Confer\u00eancia Angola assumiu a presid\u00eancia da organiza\u00e7\u00e3o para o bi\u00e9nio 2021-2023.<\/p>\n<p>A confer\u00eancia, constitu\u00edda pelos Chefes de Estado e de Governo de todos os Estados membros, \u00e9 o \u00f3rg\u00e3o m\u00e1ximo da CPLP, a quem compete definir e orientar a pol\u00edtica geral e as estrat\u00e9gias da organiza\u00e7\u00e3o, adoptar instrumentos jur\u00eddicos necess\u00e1rios para a implementa\u00e7\u00e3o dos estatutos, podendo delegar estes poderes ao Conselho de Ministros.<\/p>\n<p>De acordo com os Estatutos da CPLP, a Confer\u00eancia re\u00fane-se ordinariamente, de dois em dois anos, tendo\u00a0 a XII ocorrido\u00a0 em 2018, em Cabo Verde, pa\u00eds que assume a presid\u00eancia rotativa da organiza\u00e7\u00e3o.<\/p>\n<p>A CPLP \u00e9 uma organiza\u00e7\u00e3o formada por pa\u00edses de express\u00e3o portuguesa, cujo objectivo \u00e9 o aprofundamento da amizade\u00a0 m\u00fatua e coopera\u00e7\u00e3o entre os seus membros.<\/p>\n<p>Fundada em 17 de Julho de 1996, em Lisboa (Portugal), a CPLP \u00e9 integrada por nove Estados, designadamente Angola, Brasil, Mo\u00e7ambique, Cabo Verde, S\u00e3o Tom\u00e9 e Pr\u00edncipe, Guin\u00e9 Equatorial, Timor Leste, Guin\u00e9 Bissau e\u00a0 Portugal, pa\u00eds que acolhe a sede da organiza\u00e7\u00e3o.<\/p>\n<p>&nbsp;<\/p>\n","protected":false},"excerpt":{"rendered":"<p>A XIII Confer\u00eancia dos Chefes de Estado e de Governo da CPLP aprovou igualmente a ades\u00e3o da Irlanda, Per\u00fa, Gr\u00e9cia,\u00a0Rom\u00e9nia, a Confer\u00eancia\u00a0Ibero-Americana e a Organiza\u00e7\u00e3o\u00a0Europeia de Direito P\u00fablico. Na categoria de observador consultivo, foram aaprovados a Associa\u00e7\u00e3o de Docentes de Portugu\u00eas na Galiza, a ProCult &#8211; Organiza\u00e7\u00e3o Angolana de Incentivos ao Investimento Privado no Sector [&hellip;]<\/p>\n","protected":false},"author":1,"featured_media":7420,"comment_status":"open","ping_status":"open","sticky":false,"template":"","format":"standard","meta":{"footnotes":""},"categories":[12],"tags":[],"class_list":{"0":"post-7418","1":"post","2":"type-post","3":"status-publish","4":"format-standard","5":"has-post-thumbnail","7":"category-politica-angola"},"amp_enabled":true,"_links":{"self":[{"href":"https:\/\/tvbelas.com\/tvbelas\/wp-json\/wp\/v2\/posts\/7418","targetHints":{"allow":["GET"]}}],"collection":[{"href":"https:\/\/tvbelas.com\/tvbelas\/wp-json\/wp\/v2\/posts"}],"about":[{"href":"https:\/\/tvbelas.com\/tvbelas\/wp-json\/wp\/v2\/types\/post"}],"author":[{"embeddable":true,"href":"https:\/\/tvbelas.com\/tvbelas\/wp-json\/wp\/v2\/users\/1"}],"replies":[{"embeddable":true,"href":"https:\/\/tvbelas.com\/tvbelas\/wp-json\/wp\/v2\/comments?post=7418"}],"version-history":[{"count":0,"href":"https:\/\/tvbelas.com\/tvbelas\/wp-json\/wp\/v2\/posts\/7418\/revisions"}],"wp:featuredmedia":[{"embeddable":true,"href":"https:\/\/tvbelas.com\/tvbelas\/wp-json\/"}],"wp:attachment":[{"href":"https:\/\/tvbelas.com\/tvbelas\/wp-json\/wp\/v2\/media?parent=7418"}],"wp:term":[{"taxonomy":"category","embeddable":true,"href":"https:\/\/tvbelas.com\/tvbelas\/wp-json\/wp\/v2\/categories?post=7418"},{"taxonomy":"post_tag","embeddable":true,"href":"https:\/\/tvbelas.com\/tvbelas\/wp-json\/wp\/v2\/tags?post=7418"}],"curies":[{"name":"wp","href":"https:\/\/api.w.org\/{rel}","templated":true}]}}